{"id":119598,"date":"2021-06-26T08:21:36","date_gmt":"2021-06-26T12:21:36","guid":{"rendered":"https:\/\/linitiative.ca\/International\/education-les-laureats-inwi-challenge\/"},"modified":"2021-06-26T08:21:36","modified_gmt":"2021-06-26T12:21:36","slug":"education-les-laureats-inwi-challenge","status":"publish","type":"post","link":"https:\/\/linitiative.ca\/International\/education-les-laureats-inwi-challenge\/","title":{"rendered":"Education: Les laur\u00e9ats \u00ab inwi Challenge \u00bb"},"content":{"rendered":"<div>\n<div class=\"field field-name-body field-type-text-with-summary field-label-hidden\">\n<div class=\"field-items\">\n<div class=\"field-item even\" property=\"content:encoded\">\n<p class=\"rtejustify\">Les laur\u00e9ats du \u00ab inwi Challenge \u00bb sont connus. Trois \u00e9tablissements scolaires ont obtenu 1er prix lors de la comp\u00e9tition du programme \u00e9ducatif \u00ab inwi Challenge \u00bb. Le lyc\u00e9e Ibn Haytham de K\u00e9nitra de l\u2019acad\u00e9mie r\u00e9gion Rabat, Sal\u00e9, K\u00e9nitra, le lyc\u00e9e coll\u00e9gial Ibn Battouta de M\u2019diq de l\u2019acad\u00e9mie Tanger, T\u00e9touan, Al Hoceima et le lyc\u00e9e coll\u00e9gial Al Adarissa de F\u00e8s de l\u2019acad\u00e9mie de F\u00e8s, Mekn\u00e8s sont les heureux laur\u00e9ats.<\/p>\n<\/div>\n<\/div>\n<\/div>\n<\/div>\n<p>Auteur: hgueye<br \/>\n<a href=\"https:\/\/www.leconomiste.com\/flash-infos\/education-les-laureats-inwi-challenge\">Cliquez ici pour lire l&rsquo;article depuis sa source.<\/a><\/p>\n","protected":false},"excerpt":{"rendered":"<p>Les laur\u00e9ats du \u00ab inwi Challenge \u00bb sont connus. Trois \u00e9tablissements scolaires ont obtenu 1er prix lors de la comp\u00e9tition du programme \u00e9ducatif \u00ab inwi Challenge \u00bb. Le lyc\u00e9e Ibn Haytham de K\u00e9nitra de l\u2019acad\u00e9mie r\u00e9gion Rabat, Sal\u00e9, K\u00e9nitra, le lyc\u00e9e coll\u00e9gial Ibn Battouta de M\u2019diq de l\u2019acad\u00e9mie Tanger, T\u00e9touan, Al Hoceima et le lyc\u00e9e [&hellip;]<\/p>\n","protected":false},"author":1763,"featured_media":0,"comment_status":"closed","ping_status":"closed","sticky":false,"template":"","format":"standard","meta":{"fifu_image_url":"","fifu_image_alt":"","footnotes":""},"categories":[78,54],"tags":[],"class_list":["post-119598","post","type-post","status-publish","format-standard","hentry","category-economie","category-maroc"],"_links":{"self":[{"href":"https:\/\/linitiative.ca\/International\/wp-json\/wp\/v2\/posts\/119598","targetHints":{"allow":["GET"]}}],"collection":[{"href":"https:\/\/linitiative.ca\/International\/wp-json\/wp\/v2\/posts"}],"about":[{"href":"https:\/\/linitiative.ca\/International\/wp-json\/wp\/v2\/types\/post"}],"author":[{"embeddable":true,"href":"https:\/\/linitiative.ca\/International\/wp-json\/wp\/v2\/users\/1763"}],"replies":[{"embeddable":true,"href":"https:\/\/linitiative.ca\/International\/wp-json\/wp\/v2\/comments?post=119598"}],"version-history":[{"count":0,"href":"https:\/\/linitiative.ca\/International\/wp-json\/wp\/v2\/posts\/119598\/revisions"}],"wp:attachment":[{"href":"https:\/\/linitiative.ca\/International\/wp-json\/wp\/v2\/media?parent=119598"}],"wp:term":[{"taxonomy":"category","embeddable":true,"href":"https:\/\/linitiative.ca\/International\/wp-json\/wp\/v2\/categories?post=119598"},{"taxonomy":"post_tag","embeddable":true,"href":"https:\/\/linitiative.ca\/International\/wp-json\/wp\/v2\/tags?post=119598"}],"curies":[{"name":"wp","href":"https:\/\/api.w.org\/{rel}","templated":true}]}}