{"id":119600,"date":"2021-06-26T15:14:37","date_gmt":"2021-06-26T19:14:37","guid":{"rendered":"https:\/\/linitiative.ca\/International\/man-city-ce-nest-pas-gagne-pour-grealish-et-kane\/"},"modified":"2021-06-26T15:14:37","modified_gmt":"2021-06-26T19:14:37","slug":"man-city-ce-nest-pas-gagne-pour-grealish-et-kane","status":"publish","type":"post","link":"https:\/\/linitiative.ca\/International\/man-city-ce-nest-pas-gagne-pour-grealish-et-kane\/","title":{"rendered":"Man City : Ce n&rsquo;est pas gagn\u00e9 pour Grealish et Kane&#8230;"},"content":{"rendered":"<div>L&rsquo;\u00e9ventuel transfert de Jack Grealish (25 ans) \u00e0 Manchester City pour 116 M\u20ac est encore loin d&rsquo;\u00eatre acquis<img loading=\"lazy\" decoding=\"async\" src=\"http:\/\/feeds.feedburner.com\/~r\/GalerieFArtciles\/~4\/fbMMIa2R6rI\" height=\"1\" width=\"1\" alt=\"\"><\/div>\n<p>Auteur:<br \/>\n<a href=\"http:\/\/www.lebuteur.com\/article\/detail?titre=man-city-ce-nest-pas-gagne-pour-grealish-et-kane&#038;id=100467&#038;utm_source=feedburner&#038;utm_medium=feed&#038;utm_campaign=Feed%3A+GalerieFArtciles+%28Les+derniers+articles++-+lebuteur.com%29\">Cliquez ici pour lire l&rsquo;article depuis sa source.<\/a><\/p>\n","protected":false},"excerpt":{"rendered":"<p>L&rsquo;\u00e9ventuel transfert de Jack Grealish (25 ans) \u00e0 Manchester City pour 116 M\u20ac est encore loin d&rsquo;\u00eatre acquis Auteur: Cliquez ici pour lire l&rsquo;article depuis sa source.<\/p>\n","protected":false},"author":1738,"featured_media":0,"comment_status":"closed","ping_status":"closed","sticky":false,"template":"","format":"standard","meta":{"fifu_image_url":"http:\/\/feeds.feedburner.com\/~r\/GalerieFArtciles\/~4\/fbMMIa2R6rI","fifu_image_alt":"<div>Man City : Ce n'est pas gagn\u00e9 pour Grealish et Kane...<\/div>","footnotes":""},"categories":[53,75],"tags":[],"class_list":["post-119600","post","type-post","status-publish","format-standard","hentry","category-algerie","category-sport"],"_links":{"self":[{"href":"https:\/\/linitiative.ca\/International\/wp-json\/wp\/v2\/posts\/119600","targetHints":{"allow":["GET"]}}],"collection":[{"href":"https:\/\/linitiative.ca\/International\/wp-json\/wp\/v2\/posts"}],"about":[{"href":"https:\/\/linitiative.ca\/International\/wp-json\/wp\/v2\/types\/post"}],"author":[{"embeddable":true,"href":"https:\/\/linitiative.ca\/International\/wp-json\/wp\/v2\/users\/1738"}],"replies":[{"embeddable":true,"href":"https:\/\/linitiative.ca\/International\/wp-json\/wp\/v2\/comments?post=119600"}],"version-history":[{"count":0,"href":"https:\/\/linitiative.ca\/International\/wp-json\/wp\/v2\/posts\/119600\/revisions"}],"wp:attachment":[{"href":"https:\/\/linitiative.ca\/International\/wp-json\/wp\/v2\/media?parent=119600"}],"wp:term":[{"taxonomy":"category","embeddable":true,"href":"https:\/\/linitiative.ca\/International\/wp-json\/wp\/v2\/categories?post=119600"},{"taxonomy":"post_tag","embeddable":true,"href":"https:\/\/linitiative.ca\/International\/wp-json\/wp\/v2\/tags?post=119600"}],"curies":[{"name":"wp","href":"https:\/\/api.w.org\/{rel}","templated":true}]}}