{"id":119605,"date":"2021-06-26T06:49:13","date_gmt":"2021-06-26T10:49:13","guid":{"rendered":"https:\/\/linitiative.ca\/International\/usa-le-policier-qui-a-tue-lafro-americain-george-floyd-condamne-a-22-ans-et-demi-de-prison\/"},"modified":"2021-06-26T06:49:13","modified_gmt":"2021-06-26T10:49:13","slug":"usa-le-policier-qui-a-tue-lafro-americain-george-floyd-condamne-a-22-ans-et-demi-de-prison","status":"publish","type":"post","link":"https:\/\/linitiative.ca\/International\/usa-le-policier-qui-a-tue-lafro-americain-george-floyd-condamne-a-22-ans-et-demi-de-prison\/","title":{"rendered":"USA : Le policier qui a tu\u00e9 l\u2019Afro-Am\u00e9ricain George Floyd condamn\u00e9 \u00e0 22 ans et demi de prison"},"content":{"rendered":"<div>\n<div class=\"sriret\"><img loading=\"lazy\" decoding=\"async\" width=\"900\" height=\"634\" src=\"https:\/\/linitiative.ca\/International\/wp-content\/uploads\/sites\/23\/2021\/06\/George-Floyd-e1619262705703.jpeg\" class=\"attachment-featured_large size-featured_large wp-post-image\" alt=\"\" style=\"margin-bottom: 15px;\"><\/div>\n<p>Le policier blanc Derek Chauvin a \u00e9t\u00e9 condamn\u00e9 vendredi \u00e0 22 ans et demi de prison pour le meurtre de l\u2019Afro-Am\u00e9ricain George Floyd, une lourde peine qui refl\u00e8te l\u2019impact plan\u00e9taire du drame.<\/p>\n<p>\u00ab\u00a0Le tribunal vous condamne \u00e0 la d\u00e9tention pour une p\u00e9riode de 270 mois, soit dix ans de plus que la peine\u00a0\u00bb pr\u00e9vue par le bar\u00e8me du Minnesota, a d\u00e9clar\u00e9 le juge Peter Cahill, treize mois jours pour jour apr\u00e8s la mort du quadrag\u00e9naire noir \u00e0 Minneapolis. \u00ab\u00a0Ma d\u00e9cision n\u2019est pas bas\u00e9e sur l\u2019\u00e9motion ou la sympathie\u00a0\u00bb \u00ab\u00a0ni sur l\u2019opinion publique\u00a0\u00bb, a-t-il ajout\u00e9. \u00ab\u00a0Je ne cherche pas \u00e0 envoyer un message.\u00a0\u00bb<\/p>\n<p style=\"text-align: right;\"><strong><em>AFP<\/em><\/strong><\/p>\n<p>L\u2019article <a rel=\"nofollow\" href=\"https:\/\/www.elwatan.com\/edition\/international\/usa-le-policier-qui-a-tue-lafro-americain-george-floyd-condamne-a-22-ans-et-demi-de-prison-26-06-2021\">USA : Le policier qui a tu\u00e9 l\u2019Afro-Am\u00e9ricain George Floyd condamn\u00e9 \u00e0 22 ans et demi de prison<\/a> est apparu en premier sur <a rel=\"nofollow\" href=\"https:\/\/www.elwatan.com\/\">El Watan<\/a>.<\/p>\n<\/div>\n<p>Auteur: Mohand Yahiaoui<br \/>\n<a href=\"https:\/\/www.elwatan.com\/edition\/international\/usa-le-policier-qui-a-tue-lafro-americain-george-floyd-condamne-a-22-ans-et-demi-de-prison-26-06-2021\">Cliquez ici pour lire l&rsquo;article depuis sa source.<\/a><\/p>\n","protected":false},"excerpt":{"rendered":"<p>Le policier blanc Derek Chauvin a \u00e9t\u00e9 condamn\u00e9 vendredi \u00e0 22 ans et demi de prison pour le meurtre de l\u2019Afro-Am\u00e9ricain George Floyd, une lourde peine qui refl\u00e8te l\u2019impact plan\u00e9taire du drame. \u00ab\u00a0Le tribunal vous condamne \u00e0 la d\u00e9tention pour une p\u00e9riode de 270 mois, soit dix ans de plus que la peine\u00a0\u00bb pr\u00e9vue par [&hellip;]<\/p>\n","protected":false},"author":1743,"featured_media":0,"comment_status":"closed","ping_status":"closed","sticky":false,"template":"","format":"standard","meta":{"fifu_image_url":"https:\/\/www.elwatan.com\/wp-content\/uploads\/2021\/04\/George-Floyd-e1619262705703.jpeg","fifu_image_alt":"USA : Le policier qui a tu\u00e9 l\u2019Afro-Am\u00e9ricain George Floyd condamn\u00e9 \u00e0 22 ans et demi de prison","footnotes":""},"categories":[73,53],"tags":[],"class_list":["post-119605","post","type-post","status-publish","format-standard","hentry","category-actualite","category-algerie"],"_links":{"self":[{"href":"https:\/\/linitiative.ca\/International\/wp-json\/wp\/v2\/posts\/119605","targetHints":{"allow":["GET"]}}],"collection":[{"href":"https:\/\/linitiative.ca\/International\/wp-json\/wp\/v2\/posts"}],"about":[{"href":"https:\/\/linitiative.ca\/International\/wp-json\/wp\/v2\/types\/post"}],"author":[{"embeddable":true,"href":"https:\/\/linitiative.ca\/International\/wp-json\/wp\/v2\/users\/1743"}],"replies":[{"embeddable":true,"href":"https:\/\/linitiative.ca\/International\/wp-json\/wp\/v2\/comments?post=119605"}],"version-history":[{"count":0,"href":"https:\/\/linitiative.ca\/International\/wp-json\/wp\/v2\/posts\/119605\/revisions"}],"wp:attachment":[{"href":"https:\/\/linitiative.ca\/International\/wp-json\/wp\/v2\/media?parent=119605"}],"wp:term":[{"taxonomy":"category","embeddable":true,"href":"https:\/\/linitiative.ca\/International\/wp-json\/wp\/v2\/categories?post=119605"},{"taxonomy":"post_tag","embeddable":true,"href":"https:\/\/linitiative.ca\/International\/wp-json\/wp\/v2\/tags?post=119605"}],"curies":[{"name":"wp","href":"https:\/\/api.w.org\/{rel}","templated":true}]}}