{"id":119607,"date":"2021-06-26T07:29:39","date_gmt":"2021-06-26T11:29:39","guid":{"rendered":"https:\/\/linitiative.ca\/International\/meteo-la-canicule-affectera-adrar-et-din-salah-jusqua-dimanche-a-21h\/"},"modified":"2021-06-26T07:29:39","modified_gmt":"2021-06-26T11:29:39","slug":"meteo-la-canicule-affectera-adrar-et-din-salah-jusqua-dimanche-a-21h","status":"publish","type":"post","link":"https:\/\/linitiative.ca\/International\/meteo-la-canicule-affectera-adrar-et-din-salah-jusqua-dimanche-a-21h\/","title":{"rendered":"M\u00e9t\u00e9o : La canicule affectera Adrar et d\u2019In Salah jusqu\u2019\u00e0 dimanche \u00e0 21h"},"content":{"rendered":"<div>\n<div class=\"sriret\"><img loading=\"lazy\" decoding=\"async\" width=\"737\" height=\"492\" src=\"https:\/\/linitiative.ca\/International\/wp-content\/uploads\/sites\/23\/2021\/06\/canicule.gif\" class=\"attachment-featured_large size-featured_large wp-post-image\" alt=\"\" style=\"margin-bottom: 15px;\"><\/div>\n<p>Une chaleur caniculaire affectera les wilayas d\u2019Adrar et d\u2019In Salah avec des temp\u00e9ratures d\u00e9passant localement 48 C, a indiqu\u00e9 samedi un bulletin m\u00e9t\u00e9orologique sp\u00e9cial (BMS) \u00e9mis par le Centre nationale des pr\u00e9visions m\u00e9t\u00e9orologiques.<\/p>\n<p>Ces deux wilayas sont plac\u00e9es au niveau de vigilance orange, a ajout\u00e9 la m\u00eame source, pr\u00e9cisant que la validit\u00e9 de ce BMS s\u2019\u00e9tend du samedi \u00e0 12h00 au dimanche \u00e0 21h00 au moins.<\/p>\n<p style=\"text-align: right;\"><strong><em>APS<\/em><\/strong><\/p>\n<p>L\u2019article <a rel=\"nofollow\" href=\"https:\/\/www.elwatan.com\/edition\/actualite\/meteo-la-canicule-affectera-adrar-et-din-salah-jusqua-dimanche-a-21h-26-06-2021\">M\u00e9t\u00e9o : La canicule affectera Adrar et d\u2019In Salah jusqu\u2019\u00e0 dimanche \u00e0 21h<\/a> est apparu en premier sur <a rel=\"nofollow\" href=\"https:\/\/www.elwatan.com\/\">El Watan<\/a>.<\/p>\n<\/div>\n<p>Auteur: Mohand Yahiaoui<br \/>\n<a href=\"https:\/\/www.elwatan.com\/edition\/actualite\/meteo-la-canicule-affectera-adrar-et-din-salah-jusqua-dimanche-a-21h-26-06-2021\">Cliquez ici pour lire l&rsquo;article depuis sa source.<\/a><\/p>\n","protected":false},"excerpt":{"rendered":"<p>Une chaleur caniculaire affectera les wilayas d\u2019Adrar et d\u2019In Salah avec des temp\u00e9ratures d\u00e9passant localement 48 C, a indiqu\u00e9 samedi un bulletin m\u00e9t\u00e9orologique sp\u00e9cial (BMS) \u00e9mis par le Centre nationale des pr\u00e9visions m\u00e9t\u00e9orologiques. Ces deux wilayas sont plac\u00e9es au niveau de vigilance orange, a ajout\u00e9 la m\u00eame source, pr\u00e9cisant que la validit\u00e9 de ce BMS [&hellip;]<\/p>\n","protected":false},"author":1743,"featured_media":0,"comment_status":"closed","ping_status":"closed","sticky":false,"template":"","format":"standard","meta":{"fifu_image_url":"https:\/\/www.elwatan.com\/wp-content\/uploads\/2018\/07\/canicule.gif","fifu_image_alt":"M\u00e9t\u00e9o : La canicule affectera Adrar et d\u2019In Salah jusqu\u2019\u00e0 dimanche \u00e0 21h","footnotes":""},"categories":[73,53],"tags":[],"class_list":["post-119607","post","type-post","status-publish","format-standard","hentry","category-actualite","category-algerie"],"_links":{"self":[{"href":"https:\/\/linitiative.ca\/International\/wp-json\/wp\/v2\/posts\/119607","targetHints":{"allow":["GET"]}}],"collection":[{"href":"https:\/\/linitiative.ca\/International\/wp-json\/wp\/v2\/posts"}],"about":[{"href":"https:\/\/linitiative.ca\/International\/wp-json\/wp\/v2\/types\/post"}],"author":[{"embeddable":true,"href":"https:\/\/linitiative.ca\/International\/wp-json\/wp\/v2\/users\/1743"}],"replies":[{"embeddable":true,"href":"https:\/\/linitiative.ca\/International\/wp-json\/wp\/v2\/comments?post=119607"}],"version-history":[{"count":0,"href":"https:\/\/linitiative.ca\/International\/wp-json\/wp\/v2\/posts\/119607\/revisions"}],"wp:attachment":[{"href":"https:\/\/linitiative.ca\/International\/wp-json\/wp\/v2\/media?parent=119607"}],"wp:term":[{"taxonomy":"category","embeddable":true,"href":"https:\/\/linitiative.ca\/International\/wp-json\/wp\/v2\/categories?post=119607"},{"taxonomy":"post_tag","embeddable":true,"href":"https:\/\/linitiative.ca\/International\/wp-json\/wp\/v2\/tags?post=119607"}],"curies":[{"name":"wp","href":"https:\/\/api.w.org\/{rel}","templated":true}]}}