{"id":119609,"date":"2021-06-26T09:20:31","date_gmt":"2021-06-26T13:20:31","guid":{"rendered":"https:\/\/linitiative.ca\/International\/le-president-tebboune-recoit-le-sg-du-parti-du-fln-et-une-delegation-des-representants-des-independants\/"},"modified":"2021-06-26T09:20:31","modified_gmt":"2021-06-26T13:20:31","slug":"le-president-tebboune-recoit-le-sg-du-parti-du-fln-et-une-delegation-des-representants-des-independants","status":"publish","type":"post","link":"https:\/\/linitiative.ca\/International\/le-president-tebboune-recoit-le-sg-du-parti-du-fln-et-une-delegation-des-representants-des-independants\/","title":{"rendered":"Le Pr\u00e9sident Tebboune re\u00e7oit le SG du parti du FLN et une d\u00e9l\u00e9gation des repr\u00e9sentants des ind\u00e9pendants\u00a0"},"content":{"rendered":"<div>\n<div class=\"sriret\"><img decoding=\"async\" src=\"https:\/\/linitiative.ca\/International\/wp-content\/uploads\/sites\/23\/2021\/06\/default-picture-709x366_c-5.jpg\"><\/div>\n<p>Le pr\u00e9sident de la R\u00e9publique, M. Abdelmadjid Tebboune a re\u00e7u samedi 26 juin, le Secr\u00e9taire g\u00e9n\u00e9ral du parti du Front de lib\u00e9ration nationale (FLN), Abou El Fadhl Baadji et une d\u00e9l\u00e9gation de repr\u00e9sentants des ind\u00e9pendants conduite par M. Abdelwahab A\u00eft Menguelet, et ce dans le cadre des concertations politiques \u00e9largies, en vue de la formation du Gouvernement, a indiqu\u00e9 la pr\u00e9sidence de la R\u00e9publique dans un communiqu\u00e9.<\/p>\n<p>\u00ab\u00a0Dans le cadre des concertations politiques \u00e9largies en vue de la formation du Gouvernement, le pr\u00e9sident de la R\u00e9publique, M. Abdelmadjid Tebboune a re\u00e7u le Secr\u00e9taire g\u00e9n\u00e9ral du parti du FLN, M. Abou El Fadhl Baadji, accompagn\u00e9 de membres du bureau politique\u00a0\u00bb, lit-on dans le communiqu\u00e9.<\/p>\n<p>Le Pr\u00e9sident Tebboune a \u00e9galement<em> \u00ab\u00a0re\u00e7u une d\u00e9l\u00e9gation de repr\u00e9sentants des ind\u00e9pendants conduite par M. Abdelwahab A\u00eft Menguelet compos\u00e9e de MM. Ali Mounsi, Saker Berri, Abdelhamid Belakhel, Benaouda Bettahar El Hadj, Abdelkader Gouri et Mme Fatma Bida\u00a0\u00bb. <\/em><\/p>\n<p>Ont assist\u00e9 \u00e0 l\u2019audience, M. Noureddine Bardad-Daidj, directeur de cabinet \u00e0 la Pr\u00e9sidence de la R\u00e9publique, Mohamed El Amine Messaid, Secr\u00e9taire g\u00e9n\u00e9ral de la Pr\u00e9sidence de la R\u00e9publique et Boualem Boualem, conseiller aupr\u00e8s du pr\u00e9sident de la R\u00e9publique charg\u00e9 des affaires juridiques et judiciaires\u00a0\u00bb.<\/p>\n<p>L\u2019article <a rel=\"nofollow\" href=\"https:\/\/www.elwatan.com\/edition\/actualite\/le-president-tebboune-recoit-le-sg-du-parti-du-fln-et-une-delegation-des-representants-des-independants-26-06-2021\">Le Pr\u00e9sident Tebboune re\u00e7oit le SG du parti du FLN et une d\u00e9l\u00e9gation des repr\u00e9sentants des ind\u00e9pendants\u00a0<\/a> est apparu en premier sur <a rel=\"nofollow\" href=\"https:\/\/www.elwatan.com\/\">El Watan<\/a>.<\/p>\n<\/div>\n<p>Auteur: Mohand Yahiaoui<br \/>\n<a href=\"https:\/\/www.elwatan.com\/edition\/actualite\/le-president-tebboune-recoit-le-sg-du-parti-du-fln-et-une-delegation-des-representants-des-independants-26-06-2021\">Cliquez ici pour lire l&rsquo;article depuis sa source.<\/a><\/p>\n","protected":false},"excerpt":{"rendered":"<p>Le pr\u00e9sident de la R\u00e9publique, M. Abdelmadjid Tebboune a re\u00e7u samedi 26 juin, le Secr\u00e9taire g\u00e9n\u00e9ral du parti du Front de lib\u00e9ration nationale (FLN), Abou El Fadhl Baadji et une d\u00e9l\u00e9gation de repr\u00e9sentants des ind\u00e9pendants conduite par M. Abdelwahab A\u00eft Menguelet, et ce dans le cadre des concertations politiques \u00e9largies, en vue de la formation [&hellip;]<\/p>\n","protected":false},"author":1743,"featured_media":0,"comment_status":"closed","ping_status":"closed","sticky":false,"template":"","format":"standard","meta":{"fifu_image_url":"https:\/\/www.elwatan.com\/wp-content\/themes\/spectr\/img\/default-picture-709x366_c.jpg","fifu_image_alt":"Le Pr\u00e9sident Tebboune re\u00e7oit le SG du parti du FLN et une d\u00e9l\u00e9gation des repr\u00e9sentants des ind\u00e9pendants\u00a0","footnotes":""},"categories":[73,53],"tags":[],"class_list":["post-119609","post","type-post","status-publish","format-standard","hentry","category-actualite","category-algerie"],"_links":{"self":[{"href":"https:\/\/linitiative.ca\/International\/wp-json\/wp\/v2\/posts\/119609","targetHints":{"allow":["GET"]}}],"collection":[{"href":"https:\/\/linitiative.ca\/International\/wp-json\/wp\/v2\/posts"}],"about":[{"href":"https:\/\/linitiative.ca\/International\/wp-json\/wp\/v2\/types\/post"}],"author":[{"embeddable":true,"href":"https:\/\/linitiative.ca\/International\/wp-json\/wp\/v2\/users\/1743"}],"replies":[{"embeddable":true,"href":"https:\/\/linitiative.ca\/International\/wp-json\/wp\/v2\/comments?post=119609"}],"version-history":[{"count":0,"href":"https:\/\/linitiative.ca\/International\/wp-json\/wp\/v2\/posts\/119609\/revisions"}],"wp:attachment":[{"href":"https:\/\/linitiative.ca\/International\/wp-json\/wp\/v2\/media?parent=119609"}],"wp:term":[{"taxonomy":"category","embeddable":true,"href":"https:\/\/linitiative.ca\/International\/wp-json\/wp\/v2\/categories?post=119609"},{"taxonomy":"post_tag","embeddable":true,"href":"https:\/\/linitiative.ca\/International\/wp-json\/wp\/v2\/tags?post=119609"}],"curies":[{"name":"wp","href":"https:\/\/api.w.org\/{rel}","templated":true}]}}