{"id":119613,"date":"2021-06-26T15:20:06","date_gmt":"2021-06-26T19:20:06","guid":{"rendered":"https:\/\/linitiative.ca\/International\/interpellation-de-ait-hamouda-a-bejaia\/"},"modified":"2021-06-26T15:20:06","modified_gmt":"2021-06-26T19:20:06","slug":"interpellation-de-ait-hamouda-a-bejaia","status":"publish","type":"post","link":"https:\/\/linitiative.ca\/International\/interpellation-de-ait-hamouda-a-bejaia\/","title":{"rendered":"Interpellation de Ait Hamouda \u00e0 Bejaia\u00a0"},"content":{"rendered":"<div>\n<div class=\"sriret\"><img decoding=\"async\" src=\"https:\/\/linitiative.ca\/International\/wp-content\/uploads\/sites\/23\/2021\/06\/default-picture-709x366_c-6.jpg\"><\/div>\n<p>L\u2019ex d\u00e9put\u00e9 Nourredine Ait Hamouda \u00e0 \u00e9t\u00e9 interpell\u00e9, aujourd\u2019hui samedi 26 juin \u00e0 Bejaia, ont indiqu\u00e9 plusieurs sources dont le Rassemblement pour la culture et la d\u00e9mocratie (RCD).<\/p>\n<p>C\u2019est des \u00e9l\u00e9ments de la BRI qui ont proc\u00e9d\u00e9 \u00e0 son interpellation \u00e0 sa sortie d\u2019un h\u00f4tel de Tichy o\u00f9 il avait anim\u00e9 une conf\u00e9rence d\u00e9bat.<\/p>\n<p>M\u00eame si les motifs de son arrestation n\u2019ont pas \u00e9t\u00e9 jusqu\u2019ici communiqu\u00e9s, cette derni\u00e8re pourrait \u00eatre en relation avec les propos qu\u2019il avait tenu le 17 juin sur les plateaux de la cha\u00eene de t\u00e9l\u00e9vision Al Hayat au sujet de l\u2019\u00e9mir Abdelkader.<\/p>\n<p>L\u2019article <a rel=\"nofollow\" href=\"https:\/\/www.elwatan.com\/edition\/actualite\/interpellation-de-ait-hamouda-a-bejaia-26-06-2021\">Interpellation de Ait Hamouda \u00e0 Bejaia\u00a0<\/a> est apparu en premier sur <a rel=\"nofollow\" href=\"https:\/\/www.elwatan.com\/\">El Watan<\/a>.<\/p>\n<\/div>\n<p>Auteur: Mohand Yahiaoui<br \/>\n<a href=\"https:\/\/www.elwatan.com\/edition\/actualite\/interpellation-de-ait-hamouda-a-bejaia-26-06-2021\">Cliquez ici pour lire l&rsquo;article depuis sa source.<\/a><\/p>\n","protected":false},"excerpt":{"rendered":"<p>L\u2019ex d\u00e9put\u00e9 Nourredine Ait Hamouda \u00e0 \u00e9t\u00e9 interpell\u00e9, aujourd\u2019hui samedi 26 juin \u00e0 Bejaia, ont indiqu\u00e9 plusieurs sources dont le Rassemblement pour la culture et la d\u00e9mocratie (RCD). C\u2019est des \u00e9l\u00e9ments de la BRI qui ont proc\u00e9d\u00e9 \u00e0 son interpellation \u00e0 sa sortie d\u2019un h\u00f4tel de Tichy o\u00f9 il avait anim\u00e9 une conf\u00e9rence d\u00e9bat. M\u00eame [&hellip;]<\/p>\n","protected":false},"author":1743,"featured_media":0,"comment_status":"closed","ping_status":"closed","sticky":false,"template":"","format":"standard","meta":{"fifu_image_url":"https:\/\/www.elwatan.com\/wp-content\/themes\/spectr\/img\/default-picture-709x366_c.jpg","fifu_image_alt":"Interpellation de Ait Hamouda \u00e0 Bejaia\u00a0","footnotes":""},"categories":[73,53],"tags":[],"class_list":["post-119613","post","type-post","status-publish","format-standard","hentry","category-actualite","category-algerie"],"_links":{"self":[{"href":"https:\/\/linitiative.ca\/International\/wp-json\/wp\/v2\/posts\/119613","targetHints":{"allow":["GET"]}}],"collection":[{"href":"https:\/\/linitiative.ca\/International\/wp-json\/wp\/v2\/posts"}],"about":[{"href":"https:\/\/linitiative.ca\/International\/wp-json\/wp\/v2\/types\/post"}],"author":[{"embeddable":true,"href":"https:\/\/linitiative.ca\/International\/wp-json\/wp\/v2\/users\/1743"}],"replies":[{"embeddable":true,"href":"https:\/\/linitiative.ca\/International\/wp-json\/wp\/v2\/comments?post=119613"}],"version-history":[{"count":0,"href":"https:\/\/linitiative.ca\/International\/wp-json\/wp\/v2\/posts\/119613\/revisions"}],"wp:attachment":[{"href":"https:\/\/linitiative.ca\/International\/wp-json\/wp\/v2\/media?parent=119613"}],"wp:term":[{"taxonomy":"category","embeddable":true,"href":"https:\/\/linitiative.ca\/International\/wp-json\/wp\/v2\/categories?post=119613"},{"taxonomy":"post_tag","embeddable":true,"href":"https:\/\/linitiative.ca\/International\/wp-json\/wp\/v2\/tags?post=119613"}],"curies":[{"name":"wp","href":"https:\/\/api.w.org\/{rel}","templated":true}]}}