{"id":119615,"date":"2021-06-25T19:49:00","date_gmt":"2021-06-25T23:49:00","guid":{"rendered":"https:\/\/linitiative.ca\/International\/la-matinee-tunisienne-de-la-secretaire-adjointe-americaine-wendy-sherman-democratie-cour-constitutionnelle-et-primaute-de-la-loi\/"},"modified":"2021-06-25T19:49:00","modified_gmt":"2021-06-25T23:49:00","slug":"la-matinee-tunisienne-de-la-secretaire-adjointe-americaine-wendy-sherman-democratie-cour-constitutionnelle-et-primaute-de-la-loi","status":"publish","type":"post","link":"https:\/\/linitiative.ca\/International\/la-matinee-tunisienne-de-la-secretaire-adjointe-americaine-wendy-sherman-democratie-cour-constitutionnelle-et-primaute-de-la-loi\/","title":{"rendered":"La matin\u00e9e tunisienne de la secr\u00e9taire adjointe am\u00e9ricaine Wendy Sherman : d\u00e9mocratie, cour constitutionnelle et primaut\u00e9 de la loi"},"content":{"rendered":"<div><img decoding=\"async\" src=\"https:\/\/linitiative.ca\/International\/wp-content\/uploads\/sites\/23\/2021\/06\/1624662000_article.jpg\" alt=\"La matin\u00e9e tunisienne de la secr\u00e9taire adjointe am\u00e9ricaine Wendy Sherman : d\u00e9mocratie, cour constitutionnelle et primaut\u00e9 de la loi\" align=\"left\">Signe d\u2019int\u00e9r\u00eat \u00e0 la transition d\u00e9mocratique, la num\u00e9ro 2 de la diplomatie am\u00e9ricaine a consacr\u00e9 sa matin\u00e9e du vendredi \u00e0 une s\u00e9rie d\u2019entretiens \u00e0 distance \u00e0 partir de Washington DC avec le chef du gouvernement, des femmes leaders de la soci\u00e9t\u00e9 civile et des journalistes. Entour\u00e9e de membres de son staff, Wendy Sherman, secr\u00e9taire d\u2019\u00c9tat adjointe, a discut\u00e9 avec Hichem Mechichi des relations bilat\u00e9rales, de la promotion de la d\u00e9mocratie, de la protection des droits de l&rsquo;homme, des d\u00e9fis \u00e9conomiques et de la collaboration pour r\u00e9pondre \u00e0 la pand\u00e9mie mondiale COVID-19. \u00ab\u00a0Nous sommes engag\u00e9s \u00e0 travailler ensemble pour soutenir la r\u00e9ussite de la d\u00e9mocratie &#8230;<\/p>\n<\/div>\n<p>Auteur:<br \/>\n<a href=\"https:\/\/www.leaders.com.tn\/article\/32084-la-matinee-tunisienne-de-la-secretaire-adjointe-americaine-wendy-sherman-democratie-cour-constitutionnelle-et-primaute-de-la-loi\">Cliquez ici pour lire l&rsquo;article depuis sa source.<\/a><\/p>\n","protected":false},"excerpt":{"rendered":"<p>Signe d\u2019int\u00e9r\u00eat \u00e0 la transition d\u00e9mocratique, la num\u00e9ro 2 de la diplomatie am\u00e9ricaine a consacr\u00e9 sa matin\u00e9e du vendredi \u00e0 une s\u00e9rie d\u2019entretiens \u00e0 distance \u00e0 partir de Washington DC avec le chef du gouvernement, des femmes leaders de la soci\u00e9t\u00e9 civile et des journalistes. Entour\u00e9e de membres de son staff, Wendy Sherman, secr\u00e9taire d\u2019\u00c9tat [&hellip;]<\/p>\n","protected":false},"author":1772,"featured_media":0,"comment_status":"closed","ping_status":"closed","sticky":false,"template":"","format":"standard","meta":{"fifu_image_url":"http:\/\/www.leaders.com.tn\/uploads\/content\/thumbnails_small\/1624662000_article.jpg","fifu_image_alt":"La matin\u00e9e tunisienne de la secr\u00e9taire adjointe am\u00e9ricaine Wendy Sherman : d\u00e9mocratie, cour constitutionnelle et primaut\u00e9 de la loi","footnotes":""},"categories":[73,55],"tags":[],"class_list":["post-119615","post","type-post","status-publish","format-standard","hentry","category-actualite","category-tunisie"],"_links":{"self":[{"href":"https:\/\/linitiative.ca\/International\/wp-json\/wp\/v2\/posts\/119615","targetHints":{"allow":["GET"]}}],"collection":[{"href":"https:\/\/linitiative.ca\/International\/wp-json\/wp\/v2\/posts"}],"about":[{"href":"https:\/\/linitiative.ca\/International\/wp-json\/wp\/v2\/types\/post"}],"author":[{"embeddable":true,"href":"https:\/\/linitiative.ca\/International\/wp-json\/wp\/v2\/users\/1772"}],"replies":[{"embeddable":true,"href":"https:\/\/linitiative.ca\/International\/wp-json\/wp\/v2\/comments?post=119615"}],"version-history":[{"count":0,"href":"https:\/\/linitiative.ca\/International\/wp-json\/wp\/v2\/posts\/119615\/revisions"}],"wp:attachment":[{"href":"https:\/\/linitiative.ca\/International\/wp-json\/wp\/v2\/media?parent=119615"}],"wp:term":[{"taxonomy":"category","embeddable":true,"href":"https:\/\/linitiative.ca\/International\/wp-json\/wp\/v2\/categories?post=119615"},{"taxonomy":"post_tag","embeddable":true,"href":"https:\/\/linitiative.ca\/International\/wp-json\/wp\/v2\/tags?post=119615"}],"curies":[{"name":"wp","href":"https:\/\/api.w.org\/{rel}","templated":true}]}}