{"id":119617,"date":"2021-06-26T07:35:00","date_gmt":"2021-06-26T11:35:00","guid":{"rendered":"https:\/\/linitiative.ca\/International\/kamel-ayadi-membre-de-la-chaire-universitaire-de-luniversite-doxford\/"},"modified":"2021-06-26T07:35:00","modified_gmt":"2021-06-26T11:35:00","slug":"kamel-ayadi-membre-de-la-chaire-universitaire-de-luniversite-doxford","status":"publish","type":"post","link":"https:\/\/linitiative.ca\/International\/kamel-ayadi-membre-de-la-chaire-universitaire-de-luniversite-doxford\/","title":{"rendered":"Kamel Ayadi, membre de la chaire universitaire de l\u2019Universit\u00e9 d\u2019Oxford"},"content":{"rendered":"<div><img decoding=\"async\" src=\"https:\/\/linitiative.ca\/International\/wp-content\/uploads\/sites\/23\/2021\/06\/1624705868_article.jpg\" alt=\"Kamel Ayadi, membre de la chaire universitaire de l\u2019Universit\u00e9 d\u2019Oxford\" align=\"left\">L\u2019Universit\u00e9 d\u2019Oxford (Oxford University&rsquo;s School of Government) a invit\u00e9 l\u2019ancien ministre de la Fonction Publique et de la Gouvernance, Kamel Ayadi\u00a0 pour faire partie de la chaire universitaire (The Chandler Sessions) qu\u2019elle vient de cr\u00e9er autour du th\u00e8me de l\u2019int\u00e9grit\u00e9. La chaire est compos\u00e9e d\u2019une quinzaine de personnalit\u00e9s internationales, parmi lesquelles des ministres, des procureurs, des experts et des leaders reconnus pour leurs expertises dans le domaine, ainsi que des chercheurs et des journalistes de renom.<br \/>\nCette chaire sera sp\u00e9cialis\u00e9e dans la r\u00e9flexion sur les nouvelles g\u00e9n\u00e9rations des strat\u00e9gies nationales de lutte anti-corruption. Les membres de &#8230;<\/p>\n<\/div>\n<p>Auteur:<br \/>\n<a href=\"https:\/\/www.leaders.com.tn\/article\/32085-kamel-ayadi-membre-de-la-chaire-universitaire-de-l-universite-d-oxford\">Cliquez ici pour lire l&rsquo;article depuis sa source.<\/a><\/p>\n","protected":false},"excerpt":{"rendered":"<p>L\u2019Universit\u00e9 d\u2019Oxford (Oxford University&rsquo;s School of Government) a invit\u00e9 l\u2019ancien ministre de la Fonction Publique et de la Gouvernance, Kamel Ayadi\u00a0 pour faire partie de la chaire universitaire (The Chandler Sessions) qu\u2019elle vient de cr\u00e9er autour du th\u00e8me de l\u2019int\u00e9grit\u00e9. La chaire est compos\u00e9e d\u2019une quinzaine de personnalit\u00e9s internationales, parmi lesquelles des ministres, des procureurs, [&hellip;]<\/p>\n","protected":false},"author":1772,"featured_media":0,"comment_status":"closed","ping_status":"closed","sticky":false,"template":"","format":"standard","meta":{"fifu_image_url":"http:\/\/www.leaders.com.tn\/uploads\/content\/thumbnails_small\/1624705868_article.jpg","fifu_image_alt":"Kamel Ayadi, membre de la chaire universitaire de l\u2019Universit\u00e9 d\u2019Oxford","footnotes":""},"categories":[73,55],"tags":[],"class_list":["post-119617","post","type-post","status-publish","format-standard","hentry","category-actualite","category-tunisie"],"_links":{"self":[{"href":"https:\/\/linitiative.ca\/International\/wp-json\/wp\/v2\/posts\/119617","targetHints":{"allow":["GET"]}}],"collection":[{"href":"https:\/\/linitiative.ca\/International\/wp-json\/wp\/v2\/posts"}],"about":[{"href":"https:\/\/linitiative.ca\/International\/wp-json\/wp\/v2\/types\/post"}],"author":[{"embeddable":true,"href":"https:\/\/linitiative.ca\/International\/wp-json\/wp\/v2\/users\/1772"}],"replies":[{"embeddable":true,"href":"https:\/\/linitiative.ca\/International\/wp-json\/wp\/v2\/comments?post=119617"}],"version-history":[{"count":0,"href":"https:\/\/linitiative.ca\/International\/wp-json\/wp\/v2\/posts\/119617\/revisions"}],"wp:attachment":[{"href":"https:\/\/linitiative.ca\/International\/wp-json\/wp\/v2\/media?parent=119617"}],"wp:term":[{"taxonomy":"category","embeddable":true,"href":"https:\/\/linitiative.ca\/International\/wp-json\/wp\/v2\/categories?post=119617"},{"taxonomy":"post_tag","embeddable":true,"href":"https:\/\/linitiative.ca\/International\/wp-json\/wp\/v2\/tags?post=119617"}],"curies":[{"name":"wp","href":"https:\/\/api.w.org\/{rel}","templated":true}]}}