{"id":119624,"date":"2021-06-25T17:30:28","date_gmt":"2021-06-25T21:30:28","guid":{"rendered":"https:\/\/linitiative.ca\/International\/hubert-vedrine-les-marocains-ont-ete-malins-en-profitant-de-la-periode-entre-trump-et-biden\/"},"modified":"2021-06-25T17:30:28","modified_gmt":"2021-06-25T21:30:28","slug":"hubert-vedrine-les-marocains-ont-ete-malins-en-profitant-de-la-periode-entre-trump-et-biden","status":"publish","type":"post","link":"https:\/\/linitiative.ca\/International\/hubert-vedrine-les-marocains-ont-ete-malins-en-profitant-de-la-periode-entre-trump-et-biden\/","title":{"rendered":"Hubert V\u00e9drine :\u00a0\u00bbLes Marocains ont \u00e9t\u00e9 malins en profitant de la p\u00e9riode entre Trump et Biden\u00a0\u00bb"},"content":{"rendered":"<div><img decoding=\"async\" width=\"1328\" height=\"1009\" src=\"https:\/\/linitiative.ca\/International\/wp-content\/uploads\/sites\/23\/2021\/06\/huvert-vedrine-1.jpg\" class=\"attachment-post-thumbnail size-post-thumbnail wp-post-image\" alt=\"\" loading=\"lazy\" srcset=\"https:\/\/linitiative.ca\/International\/wp-content\/uploads\/sites\/23\/2021\/06\/huvert-vedrine-1.jpg 1328w, https:\/\/www.challenge.ma\/wp-content\/uploads\/2021\/06\/huvert-vedrine-1-300x228.jpg 300w, https:\/\/www.challenge.ma\/wp-content\/uploads\/2021\/06\/huvert-vedrine-1-1024x778.jpg 1024w, https:\/\/www.challenge.ma\/wp-content\/uploads\/2021\/06\/huvert-vedrine-1-768x584.jpg 768w, https:\/\/www.challenge.ma\/wp-content\/uploads\/2021\/06\/huvert-vedrine-1-360x274.jpg 360w, https:\/\/www.challenge.ma\/wp-content\/uploads\/2021\/06\/huvert-vedrine-1-750x570.jpg 750w\" sizes=\"auto, (max-width: 1328px) 100vw, 1328px\" itemprop=\"image\">Hubert V\u00e9drine, ancien ministre fran\u00e7ais des Affaires \u00e9trang\u00e8res sous Jacques Chirac, et ancien Secr\u00e9taire g\u00e9n\u00e9ral de l\u2019\u00c9lys\u00e9e sous Fran\u00e7ois Mitterrand commente les sujets chauds de l\u2019actualit\u00e9 marocaine dans une interview accord\u00e9e r\u00e9cemment \u00e0 notre confr\u00e8re Le Desk.ma. D\u2019entr\u00e9e, il estime que \u00ab\u00a0les positions marocaines sont mal expliqu\u00e9es\u00a0\u00bb. A la question<\/div>\n<p>Auteur: challenge<br \/>\n<a href=\"https:\/\/www.challenge.ma\/hubert-vedrine-les-marocains-ont-ete-malins-en-profitant-de-la-periode-entre-trump-et-biden-190087\/\">Cliquez ici pour lire l&rsquo;article depuis sa source.<\/a><\/p>\n","protected":false},"excerpt":{"rendered":"<p>Hubert V\u00e9drine, ancien ministre fran\u00e7ais des Affaires \u00e9trang\u00e8res sous Jacques Chirac, et ancien Secr\u00e9taire g\u00e9n\u00e9ral de l\u2019\u00c9lys\u00e9e sous Fran\u00e7ois Mitterrand commente les sujets chauds de l\u2019actualit\u00e9 marocaine dans une interview accord\u00e9e r\u00e9cemment \u00e0 notre confr\u00e8re Le Desk.ma. D\u2019entr\u00e9e, il estime que \u00ab\u00a0les positions marocaines sont mal expliqu\u00e9es\u00a0\u00bb. A la question Auteur: challenge Cliquez ici pour [&hellip;]<\/p>\n","protected":false},"author":1787,"featured_media":0,"comment_status":"closed","ping_status":"closed","sticky":false,"template":"","format":"standard","meta":{"fifu_image_url":"https:\/\/www.challenge.ma\/wp-content\/uploads\/2021\/06\/huvert-vedrine-1.jpg","fifu_image_alt":"Hubert V\u00e9drine :\u00a0\u00bbLes Marocains ont \u00e9t\u00e9 malins en profitant de la p\u00e9riode entre Trump et Biden\u00a0\u00bb","footnotes":""},"categories":[78,54],"tags":[],"class_list":["post-119624","post","type-post","status-publish","format-standard","hentry","category-economie","category-maroc"],"_links":{"self":[{"href":"https:\/\/linitiative.ca\/International\/wp-json\/wp\/v2\/posts\/119624","targetHints":{"allow":["GET"]}}],"collection":[{"href":"https:\/\/linitiative.ca\/International\/wp-json\/wp\/v2\/posts"}],"about":[{"href":"https:\/\/linitiative.ca\/International\/wp-json\/wp\/v2\/types\/post"}],"author":[{"embeddable":true,"href":"https:\/\/linitiative.ca\/International\/wp-json\/wp\/v2\/users\/1787"}],"replies":[{"embeddable":true,"href":"https:\/\/linitiative.ca\/International\/wp-json\/wp\/v2\/comments?post=119624"}],"version-history":[{"count":0,"href":"https:\/\/linitiative.ca\/International\/wp-json\/wp\/v2\/posts\/119624\/revisions"}],"wp:attachment":[{"href":"https:\/\/linitiative.ca\/International\/wp-json\/wp\/v2\/media?parent=119624"}],"wp:term":[{"taxonomy":"category","embeddable":true,"href":"https:\/\/linitiative.ca\/International\/wp-json\/wp\/v2\/categories?post=119624"},{"taxonomy":"post_tag","embeddable":true,"href":"https:\/\/linitiative.ca\/International\/wp-json\/wp\/v2\/tags?post=119624"}],"curies":[{"name":"wp","href":"https:\/\/api.w.org\/{rel}","templated":true}]}}