{"id":119627,"date":"2021-06-26T16:14:16","date_gmt":"2021-06-26T20:14:16","guid":{"rendered":"https:\/\/linitiative.ca\/International\/beja-coronavirus-prolongement-de-lapplication-des-mesures-sanitaires\/"},"modified":"2021-06-26T16:14:16","modified_gmt":"2021-06-26T20:14:16","slug":"beja-coronavirus-prolongement-de-lapplication-des-mesures-sanitaires","status":"publish","type":"post","link":"https:\/\/linitiative.ca\/International\/beja-coronavirus-prolongement-de-lapplication-des-mesures-sanitaires\/","title":{"rendered":"B\u00e9ja-Coronavirus : Prolongement de l\u2019application des mesures sanitaires"},"content":{"rendered":"<div>\n<p>A l\u2019issue de la s\u00e9ance du Comit\u00e9 R\u00e9gional de Lutte contre les catastrophes tenue le 25 juin 2021, et apr\u00e8s consultation des int\u00e9r\u00eats de la Pr\u00e9sidence du Gouvernement, les mesures pr\u00e9ventives suivantes ont \u00e9t\u00e9 prises : Poursuite de l\u2019application du confinement g\u00e9n\u00e9ral dans les d\u00e9l\u00e9gations de B\u00e9ja Nord, B\u00e9ja Sud et Amdoun pour une dur\u00e9e [\u2026]<\/p>\n<p>L\u2019article <a href=\"https:\/\/www.tunisienumerique.com\/beja-coronavirus-prolongement-de-lapplication-des-mesures-sanitaires\/\">B\u00e9ja-Coronavirus : Prolongement de l\u2019application des mesures sanitaires<\/a> est apparu en premier sur <a href=\"https:\/\/www.tunisienumerique.com\/\">Tunisie<\/a>.<\/p>\n<\/div>\n<p>Auteur: rania ben slimane<br \/>\n<a href=\"https:\/\/www.tunisienumerique.com\/beja-coronavirus-prolongement-de-lapplication-des-mesures-sanitaires\/\">Cliquez ici pour lire l&rsquo;article depuis sa source.<\/a><\/p>\n","protected":false},"excerpt":{"rendered":"<p>A l\u2019issue de la s\u00e9ance du Comit\u00e9 R\u00e9gional de Lutte contre les catastrophes tenue le 25 juin 2021, et apr\u00e8s consultation des int\u00e9r\u00eats de la Pr\u00e9sidence du Gouvernement, les mesures pr\u00e9ventives suivantes ont \u00e9t\u00e9 prises : Poursuite de l\u2019application du confinement g\u00e9n\u00e9ral dans les d\u00e9l\u00e9gations de B\u00e9ja Nord, B\u00e9ja Sud et Amdoun pour une dur\u00e9e [&hellip;]<\/p>\n","protected":false},"author":1789,"featured_media":0,"comment_status":"closed","ping_status":"closed","sticky":false,"template":"","format":"standard","meta":{"fifu_image_url":"","fifu_image_alt":"","footnotes":""},"categories":[73,55],"tags":[],"class_list":["post-119627","post","type-post","status-publish","format-standard","hentry","category-actualite","category-tunisie"],"_links":{"self":[{"href":"https:\/\/linitiative.ca\/International\/wp-json\/wp\/v2\/posts\/119627","targetHints":{"allow":["GET"]}}],"collection":[{"href":"https:\/\/linitiative.ca\/International\/wp-json\/wp\/v2\/posts"}],"about":[{"href":"https:\/\/linitiative.ca\/International\/wp-json\/wp\/v2\/types\/post"}],"author":[{"embeddable":true,"href":"https:\/\/linitiative.ca\/International\/wp-json\/wp\/v2\/users\/1789"}],"replies":[{"embeddable":true,"href":"https:\/\/linitiative.ca\/International\/wp-json\/wp\/v2\/comments?post=119627"}],"version-history":[{"count":0,"href":"https:\/\/linitiative.ca\/International\/wp-json\/wp\/v2\/posts\/119627\/revisions"}],"wp:attachment":[{"href":"https:\/\/linitiative.ca\/International\/wp-json\/wp\/v2\/media?parent=119627"}],"wp:term":[{"taxonomy":"category","embeddable":true,"href":"https:\/\/linitiative.ca\/International\/wp-json\/wp\/v2\/categories?post=119627"},{"taxonomy":"post_tag","embeddable":true,"href":"https:\/\/linitiative.ca\/International\/wp-json\/wp\/v2\/tags?post=119627"}],"curies":[{"name":"wp","href":"https:\/\/api.w.org\/{rel}","templated":true}]}}