{"id":119629,"date":"2021-06-26T16:54:15","date_gmt":"2021-06-26T20:54:15","guid":{"rendered":"https:\/\/linitiative.ca\/International\/ligue-des-champions-lesperance-de-tunis-douchee-et-eliminee\/"},"modified":"2021-06-26T16:54:15","modified_gmt":"2021-06-26T20:54:15","slug":"ligue-des-champions-lesperance-de-tunis-douchee-et-eliminee","status":"publish","type":"post","link":"https:\/\/linitiative.ca\/International\/ligue-des-champions-lesperance-de-tunis-douchee-et-eliminee\/","title":{"rendered":"Ligue des champions : L\u2019Esp\u00e9rance de Tunis douch\u00e9e et \u00e9limin\u00e9e"},"content":{"rendered":"<div>\n<p>L\u2019Esp\u00e9rance Sportive de Tunis a \u00e9t\u00e9 \u00e9limin\u00e9e en demi-finale de la Ligue des Champions apr\u00e8s sa lourde d\u00e9faite en match retour face \u00e0 Al Ahly (0-3). R\u00e9duit \u00e0 dix apr\u00e8s l\u2019exclusion de Elyes Chetti, le club de Bab Souika a d\u2019abord encaiss\u00e9 un premier but par l\u2019international tunisien Ali Maaloul sur un penalty \u00e0 la [\u2026]<\/p>\n<p>L\u2019article <a href=\"https:\/\/sport.tunisienumerique.com\/ligue-des-champions-lesperance-de-tunis-douchee-et-eliminee\/\">Ligue des champions : L\u2019Esp\u00e9rance de Tunis douch\u00e9e et \u00e9limin\u00e9e<\/a> est apparu en premier sur <a href=\"https:\/\/www.tunisienumerique.com\/\">Tunisie<\/a>.<\/p>\n<\/div>\n<p>Auteur:<br \/>\n<a href=\"https:\/\/sport.tunisienumerique.com\/ligue-des-champions-lesperance-de-tunis-douchee-et-eliminee\/\">Cliquez ici pour lire l&rsquo;article depuis sa source.<\/a><\/p>\n","protected":false},"excerpt":{"rendered":"<p>L\u2019Esp\u00e9rance Sportive de Tunis a \u00e9t\u00e9 \u00e9limin\u00e9e en demi-finale de la Ligue des Champions apr\u00e8s sa lourde d\u00e9faite en match retour face \u00e0 Al Ahly (0-3). R\u00e9duit \u00e0 dix apr\u00e8s l\u2019exclusion de Elyes Chetti, le club de Bab Souika a d\u2019abord encaiss\u00e9 un premier but par l\u2019international tunisien Ali Maaloul sur un penalty \u00e0 la [&hellip;]<\/p>\n","protected":false},"author":1789,"featured_media":0,"comment_status":"closed","ping_status":"closed","sticky":false,"template":"","format":"standard","meta":{"fifu_image_url":"","fifu_image_alt":"","footnotes":""},"categories":[73,55],"tags":[],"class_list":["post-119629","post","type-post","status-publish","format-standard","hentry","category-actualite","category-tunisie"],"_links":{"self":[{"href":"https:\/\/linitiative.ca\/International\/wp-json\/wp\/v2\/posts\/119629","targetHints":{"allow":["GET"]}}],"collection":[{"href":"https:\/\/linitiative.ca\/International\/wp-json\/wp\/v2\/posts"}],"about":[{"href":"https:\/\/linitiative.ca\/International\/wp-json\/wp\/v2\/types\/post"}],"author":[{"embeddable":true,"href":"https:\/\/linitiative.ca\/International\/wp-json\/wp\/v2\/users\/1789"}],"replies":[{"embeddable":true,"href":"https:\/\/linitiative.ca\/International\/wp-json\/wp\/v2\/comments?post=119629"}],"version-history":[{"count":0,"href":"https:\/\/linitiative.ca\/International\/wp-json\/wp\/v2\/posts\/119629\/revisions"}],"wp:attachment":[{"href":"https:\/\/linitiative.ca\/International\/wp-json\/wp\/v2\/media?parent=119629"}],"wp:term":[{"taxonomy":"category","embeddable":true,"href":"https:\/\/linitiative.ca\/International\/wp-json\/wp\/v2\/categories?post=119629"},{"taxonomy":"post_tag","embeddable":true,"href":"https:\/\/linitiative.ca\/International\/wp-json\/wp\/v2\/tags?post=119629"}],"curies":[{"name":"wp","href":"https:\/\/api.w.org\/{rel}","templated":true}]}}