{"id":119630,"date":"2021-06-26T17:03:17","date_gmt":"2021-06-26T21:03:17","guid":{"rendered":"https:\/\/linitiative.ca\/International\/tunisie-exclusif-le-mouvement-des-diplomates-bloque-a-cause-de-deux-ou-trois-personnes\/"},"modified":"2021-06-26T17:03:17","modified_gmt":"2021-06-26T21:03:17","slug":"tunisie-exclusif-le-mouvement-des-diplomates-bloque-a-cause-de-deux-ou-trois-personnes","status":"publish","type":"post","link":"https:\/\/linitiative.ca\/International\/tunisie-exclusif-le-mouvement-des-diplomates-bloque-a-cause-de-deux-ou-trois-personnes\/","title":{"rendered":"Tunisie \u2013 EXCLUSIF\u00a0: Le mouvement des diplomates bloqu\u00e9 \u00e0 cause de deux ou trois personnes\u00a0!"},"content":{"rendered":"<div>\n<p>Un climat de m\u00e9contentement gronde en ce moment dans les couloirs et les coulisses du minist\u00e8re des affaires \u00e9trang\u00e8res tunisien. En cause, l\u2019\u00e9ternel probl\u00e8me des balbutiements du mouvement annuel des chefs des missions diplomatiques et consulaires. Les diplomates pestent, en effet, \u00e0 cause de ces retards qui se r\u00e9p\u00e8tent tous les ans. Car, on comprend, [\u2026]<\/p>\n<p>L\u2019article <a href=\"https:\/\/www.tunisienumerique.com\/tunisie-exclusif-le-mouvement-des-diplomates-bloque-a-cause-de-deux-ou-trois-personnes\/\">Tunisie \u2013 EXCLUSIF\u00a0: Le mouvement des diplomates bloqu\u00e9 \u00e0 cause de deux ou trois personnes\u00a0!<\/a> est apparu en premier sur <a href=\"https:\/\/www.tunisienumerique.com\/\">Tunisie<\/a>.<\/p>\n<\/div>\n<p>Auteur: LM<br \/>\n<a href=\"https:\/\/www.tunisienumerique.com\/tunisie-exclusif-le-mouvement-des-diplomates-bloque-a-cause-de-deux-ou-trois-personnes\/\">Cliquez ici pour lire l&rsquo;article depuis sa source.<\/a><\/p>\n","protected":false},"excerpt":{"rendered":"<p>Un climat de m\u00e9contentement gronde en ce moment dans les couloirs et les coulisses du minist\u00e8re des affaires \u00e9trang\u00e8res tunisien. En cause, l\u2019\u00e9ternel probl\u00e8me des balbutiements du mouvement annuel des chefs des missions diplomatiques et consulaires. Les diplomates pestent, en effet, \u00e0 cause de ces retards qui se r\u00e9p\u00e8tent tous les ans. Car, on comprend, [&hellip;]<\/p>\n","protected":false},"author":1789,"featured_media":0,"comment_status":"closed","ping_status":"closed","sticky":false,"template":"","format":"standard","meta":{"fifu_image_url":"","fifu_image_alt":"","footnotes":""},"categories":[73,55],"tags":[],"class_list":["post-119630","post","type-post","status-publish","format-standard","hentry","category-actualite","category-tunisie"],"_links":{"self":[{"href":"https:\/\/linitiative.ca\/International\/wp-json\/wp\/v2\/posts\/119630","targetHints":{"allow":["GET"]}}],"collection":[{"href":"https:\/\/linitiative.ca\/International\/wp-json\/wp\/v2\/posts"}],"about":[{"href":"https:\/\/linitiative.ca\/International\/wp-json\/wp\/v2\/types\/post"}],"author":[{"embeddable":true,"href":"https:\/\/linitiative.ca\/International\/wp-json\/wp\/v2\/users\/1789"}],"replies":[{"embeddable":true,"href":"https:\/\/linitiative.ca\/International\/wp-json\/wp\/v2\/comments?post=119630"}],"version-history":[{"count":0,"href":"https:\/\/linitiative.ca\/International\/wp-json\/wp\/v2\/posts\/119630\/revisions"}],"wp:attachment":[{"href":"https:\/\/linitiative.ca\/International\/wp-json\/wp\/v2\/media?parent=119630"}],"wp:term":[{"taxonomy":"category","embeddable":true,"href":"https:\/\/linitiative.ca\/International\/wp-json\/wp\/v2\/categories?post=119630"},{"taxonomy":"post_tag","embeddable":true,"href":"https:\/\/linitiative.ca\/International\/wp-json\/wp\/v2\/tags?post=119630"}],"curies":[{"name":"wp","href":"https:\/\/api.w.org\/{rel}","templated":true}]}}