{"id":119631,"date":"2021-06-26T07:01:09","date_gmt":"2021-06-26T11:01:09","guid":{"rendered":"https:\/\/linitiative.ca\/International\/fonds-minier-de-developpement-local-la-necessaire-prise-en-compte-du-genre\/"},"modified":"2021-06-26T07:01:09","modified_gmt":"2021-06-26T11:01:09","slug":"fonds-minier-de-developpement-local-la-necessaire-prise-en-compte-du-genre","status":"publish","type":"post","link":"https:\/\/linitiative.ca\/International\/fonds-minier-de-developpement-local-la-necessaire-prise-en-compte-du-genre\/","title":{"rendered":"Fonds minier de d\u00e9veloppement local\u00a0:La n\u00e9cessaire prise en compte du genre"},"content":{"rendered":"<div>\n<p><strong>Institu\u00e9 par le code minier de 2015 et op\u00e9rationnalis\u00e9 depuis 2017, les premi\u00e8res ann\u00e9es de mise en \u0153uvre du Fonds minier de d\u00e9veloppement local (FMDL) semblent r\u00e9v\u00e9ler une faible prise en compte du genre. Des sp\u00e9cialistes de la question et d\u00e9fenseurs des droits de la femme appellent \u00e0 des mesures correctives \u00e0 travers la relecture des textes r\u00e9gissant le FMDL, en vue d\u2019une meilleure int\u00e9gration du genre aussi bien dans les instances de gestion du fonds que dans l\u2019affectation des ressources financi\u00e8res. <\/strong><\/p>\n<p><em>\u00ab\u00a0En ce qui concerne la prise en compte de la femme dans le Fonds minier de d\u00e9veloppement local, il n\u2019y a pas mati\u00e8re\u00a0\u00e0 faire bilan \u00bb<\/em>. Telle est la position de l\u2019Association des femmes du secteur minier du Burkina Faso (AFEMIB). Selon sa pr\u00e9sidente, Lucie Kabr\u00e9, pour qu\u2019une telle \u00e9valuation puisse se faire, il aurait fallu que la loi ait pr\u00e9vu ce qui, dans ce fonds, devrait revenir aux femmes. En d\u2019autres termes, le Fonds minier de d\u00e9veloppement local (FMDL) souffre d\u2019un d\u00e9ficit d\u2019int\u00e9gration du genre \u00e0 deux niveaux\u00a0: dans les organes de gestion du FMDL et le financement des activit\u00e9s \u00e9ligibles.<\/p>\n<p>La structuration des comit\u00e9s locaux de gestion du fonds, marqu\u00e9e par la forte repr\u00e9sentativit\u00e9 des autorit\u00e9s administratives et locales, fait que les femmes, toujours absentes ou sous-repr\u00e9sent\u00e9es au niveau des postes de responsabilit\u00e9s, des instances d\u00e9cisionnelles \u00e9lectives et nominatives, ne peuvent pas y \u00eatre, fait remarquer l\u2019experte en genre et d\u00e9veloppement, Dr Nestorine Sangar\u00e9, par ailleurs ancienne ministre de la promotion de la femme et du genre.<\/p>\n<p>A ce niveau d\u2019exclusion de la femme, se greffe un autre, li\u00e9 \u00e0 l\u2019acc\u00e8s des femmes aux ressources du fonds minier. <em>\u00ab\u00a0Cette insuffisance est due \u00e0 l\u2019orientation du fonds, centr\u00e9e sur les investissements. Et quand on parle investissements, on ne pense pas \u00e0 ceux qui profitent aux femmes. Par exemple, lorsqu\u2019on r\u00e9alise des infrastructures telles que les stades, les march\u00e9s de b\u00e9tail, etc. on sait d\u2019office quelle composante sociale en sera prioritairement b\u00e9n\u00e9ficiaire\u00a0\u00bb<\/em>, argumente Mme Sangar\u00e9. Le financement des actions inscrites dans les plans communaux de d\u00e9veloppement (PCD) par le FMDL ne r\u00e9sout pas le probl\u00e8me de l\u2019exclusion de la femme, car la plupart de ces PCD ne sont pas genre sensibles, ajoute-t-elle.<\/p>\n<p>L\u2019absence d\u2019une ligne d\u00e9di\u00e9e \u00e0 la prise en compte des besoins sp\u00e9cifiques des femmes, parmi lesquels le financement de leurs activit\u00e9s g\u00e9n\u00e9ratrices de revenus, pose probl\u00e8me. Car si la priorit\u00e9 accord\u00e9e \u00e0 la r\u00e9alisation des infrastructures sanitaires, \u00e9ducatives, etc. est \u00e0 saluer, la fr\u00e9quentation de ces services sociaux de base restera limit\u00e9e si le pouvoir \u00e9conomique des femmes n\u2019est pas am\u00e9lior\u00e9, ajoute la pr\u00e9sidente de l\u2019AFEMIB.<\/p>\n<p><strong>Cr\u00e9er une dynamique entrepreneuriale<\/strong><\/p>\n<p><em><img decoding=\"async\" loading=\"lazy\" class=\"alignnone wp-image-36888\" src=\"https:\/\/linitiative.ca\/International\/wp-content\/uploads\/sites\/23\/2021\/06\/1-2-300x200-1.jpeg\" alt=\"\" width=\"489\" height=\"326\" srcset=\"https:\/\/linitiative.ca\/International\/wp-content\/uploads\/sites\/23\/2021\/06\/1-2-300x200-1.jpeg 300w, https:\/\/www.sidwaya.info\/wp-content\/uploads\/2021\/06\/1-2-768x512.jpeg 768w, https:\/\/www.sidwaya.info\/wp-content\/uploads\/2021\/06\/1-2-150x100.jpeg 150w, https:\/\/www.sidwaya.info\/wp-content\/uploads\/2021\/06\/1-2-696x464.jpeg 696w, https:\/\/www.sidwaya.info\/wp-content\/uploads\/2021\/06\/1-2-630x420.jpeg 630w, https:\/\/www.sidwaya.info\/wp-content\/uploads\/2021\/06\/1-2.jpeg 900w\" sizes=\"auto, (max-width: 489px) 100vw, 489px\">\u00ab\u00a0Ce sont autant de raisons qui font que l\u2019on se retrouve avec un Fond minier de d\u00e9veloppement qui est une belle promesse, un formidable instrument permettant aux communes d\u2019avoir d\u2019importantes ressources mais on n\u2019a pas mis un dispositif favorisant l\u2019acc\u00e8s \u00e9quitable de toutes les composantes sociales \u00e0 ces ressources\u00a0\u00bb<\/em>, d\u00e9plore Dr Sangar\u00e9. Pour preuve, pendant que des communes peinent \u00e0 absorber les ressources du FMDL, au m\u00eame moment, femmes et jeunes cherchent d\u00e9sesp\u00e9r\u00e9ment des financements pour leurs projets. C\u2019est pourquoi, il faudrait, dans le cadre de la relecture des textes r\u00e9gissant le Fonds minier, instituer un quota genre, aussi bien dans les instances locales et nationales de gestion du Fonds minier que pour le financement des besoins sp\u00e9cifiques des femmes, comme cela se fait dans certains pays miniers comme la Guin\u00e9e. <em>\u00ab\u00a0Depuis 2018, nous menons le plaidoyer pour que 30% des ressources financi\u00e8res du Fonds minier de d\u00e9veloppement local soient consacr\u00e9s aux activit\u00e9s port\u00e9es par les femmes\u00a0\u00bb<\/em>, confie Mme Kabr\u00e9.<\/p>\n<p>Pour adresser la question de mani\u00e8re structurelle, il importe, selon Nestorine Sangar\u00e9, de revisiter les plans communaux de d\u00e9veloppement, d\u2019instituer des budgets locaux sensibles au genre. <em>\u00ab\u00a0Il faut repartir au niveau de ces plans, refaire un diagnostic s\u00e9rieux et participatif pour voir quelles sont les pr\u00e9occupations des femmes, des hommes, des jeunes filles, des jeunes gar\u00e7ons et m\u00eame des enfants\u00a0; faire donc une analyse assez pouss\u00e9e pour d\u00e9gager les priorit\u00e9s de chaque cat\u00e9gorie sociale, en fonction de son domaine d\u2019activit\u00e9s, selon qu\u2019elle soit dans le commerce, l\u2019\u00e9levage, l\u2019agriculture, etc. de sorte que les plans de d\u00e9veloppement soient le reflet des besoins r\u00e9els des populations\u00a0\u00bb<\/em>, insiste-elle.<\/p>\n<p>Les ressources mini\u00e8res \u00e9tant passag\u00e8res, le FMDL devrait servir \u00e0 cr\u00e9er une dynamique entrepreneuriale \u00e0 m\u00eame de soutenir l\u2019\u00e9conomie locale. A partir de ce fonds, un m\u00e9canisme d\u2019accompagnement des entreprises des femmes et des hommes \u00e0 r\u00e9pondre aux besoins de consommation des biens et services miniers devrait \u00eatre institu\u00e9, soutiennent les deux d\u00e9fenseuses des droits des femmes.<\/p>\n<p>Mais au-del\u00e0 de l\u2019aspect purement \u00e9conomique, la question de la r\u00e9habilitation sociale, longtemps oubli\u00e9e, doit \u00eatre prise en compte, sugg\u00e8re Mme Sangar\u00e9. Cette r\u00e9habilitation sociale consiste en la pr\u00e9servation des valeurs de solidarit\u00e9, de vivre-ensemble, en la pr\u00e9vention de la d\u00e9pravation des m\u0153urs tout au long de la vie de la mine.<\/p>\n<p><img decoding=\"async\" loading=\"lazy\" class=\"alignnone wp-image-36889\" src=\"https:\/\/linitiative.ca\/International\/wp-content\/uploads\/sites\/23\/2021\/06\/2-12-300x225-1.jpg\" alt=\"\" width=\"409\" height=\"307\" srcset=\"https:\/\/linitiative.ca\/International\/wp-content\/uploads\/sites\/23\/2021\/06\/2-12-300x225-1.jpg 300w, https:\/\/www.sidwaya.info\/wp-content\/uploads\/2021\/06\/2-12-768x576.jpg 768w, https:\/\/www.sidwaya.info\/wp-content\/uploads\/2021\/06\/2-12-150x113.jpg 150w, https:\/\/www.sidwaya.info\/wp-content\/uploads\/2021\/06\/2-12-696x522.jpg 696w, https:\/\/www.sidwaya.info\/wp-content\/uploads\/2021\/06\/2-12-560x420.jpg 560w, https:\/\/www.sidwaya.info\/wp-content\/uploads\/2021\/06\/2-12-80x60.jpg 80w, https:\/\/www.sidwaya.info\/wp-content\/uploads\/2021\/06\/2-12-265x198.jpg 265w, https:\/\/www.sidwaya.info\/wp-content\/uploads\/2021\/06\/2-12.jpg 900w\" sizes=\"auto, (max-width: 409px) 100vw, 409px\"><\/p>\n<p>La sensibilisation des femmes \u00e0 une participation politique active au niveau local afin de mieux d\u00e9fendre leurs int\u00e9r\u00eats strat\u00e9giques dans les conseils municipaux constituent \u00e9galement un gros d\u00e9fi \u00e0 relever, selon Lucie Kabr\u00e9.<\/p>\n<p>En tout \u00e9tat de cause, il est urgent d\u2019avoir une r\u00e9flexion strat\u00e9gique et prospective pour prendre en compte les besoins des g\u00e9n\u00e9rations pr\u00e9sentes et futures. Car une commune qui re\u00e7oit, des milliards, ann\u00e9e apr\u00e8s ann\u00e9e, risque fort de vite d\u00e9passer ses besoins actuels en investissements. Ce syst\u00e8me de p\u00e9r\u00e9quation, tout comme l\u2019int\u00e9gration du genre, est tributaire de la volont\u00e9 politique, qu\u2019elle soit nationale ou locale.<\/p>\n<p><strong>Mahamadi SEBOGO<\/strong><\/p>\n<p><a href=\"mailto:Windmad76@gmail.com\"><strong>Windmad76@gmail.com<\/strong><\/a><\/p>\n<p>L\u2019article <a rel=\"nofollow\" href=\"https:\/\/www.sidwaya.info\/blog\/2021\/06\/26\/fonds-minier-de-developpement-local-la-necessaire-prise-compte-du-genre\/\">Fonds minier de d\u00e9veloppement local\u00a0:La n\u00e9cessaire prise en compte du genre<\/a> est apparu en premier sur <a rel=\"nofollow\" href=\"https:\/\/www.sidwaya.info\/\">Quotidien Sidwaya<\/a>.<\/p>\n<\/div>\n<p>Auteur: Wamini SIDWAYA<br \/>\n<a href=\"https:\/\/www.sidwaya.info\/blog\/2021\/06\/26\/fonds-minier-de-developpement-local-la-necessaire-prise-compte-du-genre\/\">Cliquez ici pour lire l&rsquo;article depuis sa source.<\/a><\/p>\n","protected":false},"excerpt":{"rendered":"<p>Institu\u00e9 par le code minier de 2015 et op\u00e9rationnalis\u00e9 depuis 2017, les premi\u00e8res ann\u00e9es de mise en \u0153uvre du Fonds minier de d\u00e9veloppement local (FMDL) semblent r\u00e9v\u00e9ler une faible prise en compte du genre. Des sp\u00e9cialistes de la question et d\u00e9fenseurs des droits de la femme appellent \u00e0 des mesures correctives \u00e0 travers la relecture [&hellip;]<\/p>\n","protected":false},"author":1816,"featured_media":0,"comment_status":"closed","ping_status":"closed","sticky":false,"template":"","format":"standard","meta":{"fifu_image_url":"https:\/\/www.sidwaya.info\/wp-content\/uploads\/2021\/06\/1-2-300x200.jpeg","fifu_image_alt":"Fonds minier de d\u00e9veloppement local\u00a0:La n\u00e9cessaire prise en compte du genre","footnotes":""},"categories":[73,81],"tags":[],"class_list":["post-119631","post","type-post","status-publish","format-standard","hentry","category-actualite","category-burkina-faso"],"_links":{"self":[{"href":"https:\/\/linitiative.ca\/International\/wp-json\/wp\/v2\/posts\/119631","targetHints":{"allow":["GET"]}}],"collection":[{"href":"https:\/\/linitiative.ca\/International\/wp-json\/wp\/v2\/posts"}],"about":[{"href":"https:\/\/linitiative.ca\/International\/wp-json\/wp\/v2\/types\/post"}],"author":[{"embeddable":true,"href":"https:\/\/linitiative.ca\/International\/wp-json\/wp\/v2\/users\/1816"}],"replies":[{"embeddable":true,"href":"https:\/\/linitiative.ca\/International\/wp-json\/wp\/v2\/comments?post=119631"}],"version-history":[{"count":0,"href":"https:\/\/linitiative.ca\/International\/wp-json\/wp\/v2\/posts\/119631\/revisions"}],"wp:attachment":[{"href":"https:\/\/linitiative.ca\/International\/wp-json\/wp\/v2\/media?parent=119631"}],"wp:term":[{"taxonomy":"category","embeddable":true,"href":"https:\/\/linitiative.ca\/International\/wp-json\/wp\/v2\/categories?post=119631"},{"taxonomy":"post_tag","embeddable":true,"href":"https:\/\/linitiative.ca\/International\/wp-json\/wp\/v2\/tags?post=119631"}],"curies":[{"name":"wp","href":"https:\/\/api.w.org\/{rel}","templated":true}]}}