{"id":119634,"date":"2021-06-26T07:55:57","date_gmt":"2021-06-26T11:55:57","guid":{"rendered":"https:\/\/linitiative.ca\/International\/cameroun-football-feminin-la-fecafoot-va-a-la-conquete-des-familles-reticentes\/"},"modified":"2021-06-26T07:55:57","modified_gmt":"2021-06-26T11:55:57","slug":"cameroun-football-feminin-la-fecafoot-va-a-la-conquete-des-familles-reticentes","status":"publish","type":"post","link":"https:\/\/linitiative.ca\/International\/cameroun-football-feminin-la-fecafoot-va-a-la-conquete-des-familles-reticentes\/","title":{"rendered":"Cameroun \u2013\u00a0football f\u00e9minin\u00a0: la F\u00e9cafoot va \u00e0 la conqu\u00eate des familles r\u00e9ticentes"},"content":{"rendered":"<div>\n<p><img loading=\"lazy\" decoding=\"async\" width=\"678\" height=\"381\" src=\"https:\/\/linitiative.ca\/International\/wp-content\/uploads\/sites\/23\/2021\/06\/football_feminin.jpg\" class=\"attachment-post-thumbnail size-post-thumbnail wp-post-image\" alt=\"\" srcset=\"https:\/\/linitiative.ca\/International\/wp-content\/uploads\/sites\/23\/2021\/06\/football_feminin.jpg 678w, https:\/\/www.journalducameroun.com\/wp-content\/uploads\/2020\/07\/football_feminin-300x169.jpg 300w, https:\/\/www.journalducameroun.com\/wp-content\/uploads\/2020\/07\/football_feminin-780x440.jpg 780w, https:\/\/www.journalducameroun.com\/wp-content\/uploads\/2020\/07\/football_feminin-380x215.jpg 380w, https:\/\/www.journalducameroun.com\/wp-content\/uploads\/2020\/07\/football_feminin-160x90.jpg 160w, https:\/\/www.journalducameroun.com\/wp-content\/uploads\/2020\/07\/football_feminin-240x135.jpg 240w, https:\/\/www.journalducameroun.com\/wp-content\/uploads\/2020\/07\/football_feminin-600x337.jpg 600w\" sizes=\"auto, (max-width: 678px) 100vw, 678px\"><\/p>\n<h5 style=\"font-weight: 400; text-align: justify;\"><strong>Malgr\u00e9 l\u2019explosion m\u00e9diatique qu\u2019offre d\u00e9sormais le football, et l\u2019\u00e9panouissement des pratiquants, certaines familles rechignent encore \u00e0 laisser leurs jeunes filles pratiquer le sport roi.<\/strong><\/h5>\n<p style=\"font-weight: 400; text-align: justify;\">El pr\u00e9lude \u00e0 la prochaine saison sportive, la F\u00e9cafoot en partenariat avec Guiness Cameroun, sponsor majeur du football f\u00e9minin au Cameroun, envisage de sensibiliser davantage les parents. Une campagne via une vid\u00e9o mettant en sc\u00e8ne le parcours d\u2019une jeune footballeuse est, \u00e0 cet effet, utilis\u00e9e pour d\u00e9complexer les parents r\u00e9ticents.<\/p>\n<p style=\"font-weight: 400; text-align: justify;\">Les deux participations du Cameroun en Coupe du monde (Canada 2015-France 2019) et les Jeux olympique de Londres 2012 ont un peu contribu\u00e9 \u00e0 vulgariser le football f\u00e9minin au pays de Gael Eganamouit, meilleure joueuse africaine 2015.<\/p>\n<p style=\"font-weight: 400; text-align: justify;\">Le football camerounais ayant d\u00e9j\u00e0 ses icones \u00e0 l\u2019instar de Nchout Njoya Ajara, deuxi\u00e8me meilleure joueuse africaine en 2020, utilise comme ambassadrice de la campagne #AvantageADomicile l\u2019image de la talentueuse attaquante de l\u2019Athl\u00e9tico Madrid. Une m\u00e9taphore tir\u00e9e du football pour indiquer que le socle familial est d\u00e9terminant pour la r\u00e9ussite du sportif.\u00a0Les contours de cette campagne devraient \u00eatre d\u00e9voil\u00e9s dans les prochains jours.<\/p>\n<p>Cet article <a rel=\"nofollow\" href=\"https:\/\/www.journalducameroun.com\/cameroun-football-feminin-la-fecafoot-va-a-la-conquete-des-familles-reticentes\/\">Cameroun \u2013\u00a0football f\u00e9minin\u00a0: la F\u00e9cafoot va \u00e0 la conqu\u00eate des familles r\u00e9ticentes<\/a> est apparu en premier sur <a rel=\"nofollow\" href=\"https:\/\/www.journalducameroun.com\/\">Journal du Cameroun<\/a>.<\/p>\n<\/div>\n<p>Auteur: Christian DJIMADEU<br \/>\n<a href=\"https:\/\/www.journalducameroun.com\/cameroun-football-feminin-la-fecafoot-va-a-la-conquete-des-familles-reticentes\/\">Cliquez ici pour lire l&rsquo;article depuis sa source.<\/a><\/p>\n","protected":false},"excerpt":{"rendered":"<p>Malgr\u00e9 l\u2019explosion m\u00e9diatique qu\u2019offre d\u00e9sormais le football, et l\u2019\u00e9panouissement des pratiquants, certaines familles rechignent encore \u00e0 laisser leurs jeunes filles pratiquer le sport roi. El pr\u00e9lude \u00e0 la prochaine saison sportive, la F\u00e9cafoot en partenariat avec Guiness Cameroun, sponsor majeur du football f\u00e9minin au Cameroun, envisage de sensibiliser davantage les parents. Une campagne via une [&hellip;]<\/p>\n","protected":false},"author":1965,"featured_media":0,"comment_status":"closed","ping_status":"closed","sticky":false,"template":"","format":"standard","meta":{"fifu_image_url":"https:\/\/www.journalducameroun.com\/wp-content\/uploads\/2020\/07\/football_feminin.jpg","fifu_image_alt":"Cameroun \u2013\u00a0football f\u00e9minin\u00a0: la F\u00e9cafoot va \u00e0 la conqu\u00eate des familles r\u00e9ticentes","footnotes":""},"categories":[73,82],"tags":[],"class_list":["post-119634","post","type-post","status-publish","format-standard","hentry","category-actualite","category-cameroun"],"_links":{"self":[{"href":"https:\/\/linitiative.ca\/International\/wp-json\/wp\/v2\/posts\/119634","targetHints":{"allow":["GET"]}}],"collection":[{"href":"https:\/\/linitiative.ca\/International\/wp-json\/wp\/v2\/posts"}],"about":[{"href":"https:\/\/linitiative.ca\/International\/wp-json\/wp\/v2\/types\/post"}],"author":[{"embeddable":true,"href":"https:\/\/linitiative.ca\/International\/wp-json\/wp\/v2\/users\/1965"}],"replies":[{"embeddable":true,"href":"https:\/\/linitiative.ca\/International\/wp-json\/wp\/v2\/comments?post=119634"}],"version-history":[{"count":0,"href":"https:\/\/linitiative.ca\/International\/wp-json\/wp\/v2\/posts\/119634\/revisions"}],"wp:attachment":[{"href":"https:\/\/linitiative.ca\/International\/wp-json\/wp\/v2\/media?parent=119634"}],"wp:term":[{"taxonomy":"category","embeddable":true,"href":"https:\/\/linitiative.ca\/International\/wp-json\/wp\/v2\/categories?post=119634"},{"taxonomy":"post_tag","embeddable":true,"href":"https:\/\/linitiative.ca\/International\/wp-json\/wp\/v2\/tags?post=119634"}],"curies":[{"name":"wp","href":"https:\/\/api.w.org\/{rel}","templated":true}]}}