{"id":119636,"date":"2021-06-26T08:18:01","date_gmt":"2021-06-26T12:18:01","guid":{"rendered":"https:\/\/linitiative.ca\/International\/maroc-la-semaine-africaine-de-la-blockchain-sinvite-a-rabat\/"},"modified":"2021-06-26T08:18:01","modified_gmt":"2021-06-26T12:18:01","slug":"maroc-la-semaine-africaine-de-la-blockchain-sinvite-a-rabat","status":"publish","type":"post","link":"https:\/\/linitiative.ca\/International\/maroc-la-semaine-africaine-de-la-blockchain-sinvite-a-rabat\/","title":{"rendered":"Maroc : la semaine africaine de la blockchain s\u2019invite \u00e0 Rabat"},"content":{"rendered":"<div>\n<p><img loading=\"lazy\" decoding=\"async\" width=\"818\" height=\"1280\" src=\"https:\/\/linitiative.ca\/International\/wp-content\/uploads\/sites\/23\/2021\/06\/16247098824193.jpg\" class=\"attachment-post-thumbnail size-post-thumbnail wp-post-image\" alt=\"\" srcset=\"https:\/\/linitiative.ca\/International\/wp-content\/uploads\/sites\/23\/2021\/06\/16247098824193.jpg 818w, https:\/\/www.journalducameroun.com\/wp-content\/uploads\/2021\/06\/16247098824193-192x300.jpg 192w, https:\/\/www.journalducameroun.com\/wp-content\/uploads\/2021\/06\/16247098824193-768x1202.jpg 768w, https:\/\/www.journalducameroun.com\/wp-content\/uploads\/2021\/06\/16247098824193-654x1024.jpg 654w, https:\/\/www.journalducameroun.com\/wp-content\/uploads\/2021\/06\/16247098824193-281x440.jpg 281w, https:\/\/www.journalducameroun.com\/wp-content\/uploads\/2021\/06\/16247098824193-600x939.jpg 600w\" sizes=\"auto, (max-width: 818px) 100vw, 818px\"><\/p>\n<p>Le sommet virtuel 2021 de la semaine africaine de la blockchain (Africa Blockchain Week) s&rsquo;ouvre ce lundi 28 juin \u00e0 Rabat. \u00a0Plus de 5000 participants y prendront part en mode virtuel.Au programme de cette grand-messe, organis\u00e9e par les groupes Nexchange et le Groupe immobilier marocain \u00ab Marita \u00bb, un aper\u00e7u de la situation actuelle des banques virtuelles, de l&rsquo;industrie de la crypto-monnaie et des paiements et des d\u00e9fis r\u00e9glementaires. Ce sera \u00e9galement l&rsquo;occasion d&rsquo;\u00e9valuer l&rsquo;impact de la blockchain sur l&rsquo;\u00e9conomie des pays africains.<\/p>\n<p>L&rsquo;ambition est surtout d&rsquo;inciter d&rsquo;autres pays du continent \u00e0 emprunter la voie de la blockchain. Le d\u00e9bat sera lanc\u00e9 sur le d\u00e9veloppement de cette nouvelle technologie dans les pays o\u00f9 elle demeure peu d\u00e9velopp\u00e9e. Ainsi, les acteurs du secteur profiteront de ce sommet pour discuter d&rsquo;un processus de d\u00e9veloppement de la blockchain dans chacun des pays du continent.<\/p>\n<p>Les organisateurs consid\u00e8rent que l&rsquo;Afrique gagnerait \u00e0 investir dans les syst\u00e8mes de blockchain qui offrent des possibilit\u00e9s d&rsquo;inclusion financi\u00e8re. Surtout que \u00ab la pand\u00e9mie du Covid-19 a montr\u00e9 que cette technologie est un pont vers un avenir meilleur. La transformation num\u00e9rique est devenue la cl\u00e9 du d\u00e9veloppement de l&rsquo;Afrique \u00bb, comme le soulignent les organisateurs dans la note conceptuelle de l&rsquo;\u00e9v\u00e8nement.<\/p>\n<p>Durant les quatre jours du sommet (28 juin \u2013 1er juillet 2021), qui connaitra la participation de repr\u00e9sentants du Conseil Economique, Social et Culture (ECOSOCC-UA) de l&rsquo;Union africaine, d&rsquo;acteurs des secteurs public et priv\u00e9, des principaux leaders \u00e9conomiques internationaux et des experts de la blockchain, plusieurs sessions et panels sp\u00e9cialis\u00e9s dans diff\u00e9rents secteurs \u00e9conomiques, notamment l&rsquo;\u00e9nergie, l&rsquo;immobilier, l&rsquo;agriculture et la sant\u00e9. Plusieurs th\u00e8mes seront abord\u00e9s tels que les \u00ab paiements x blockchain \u00bb, en l&rsquo;occurrence les paiements transfrontaliers, les envois de fonds, et le r\u00e8glement interbancaire.<\/p>\n<p>Les participants se pencheront aussi sur la \u00ab monnaie num\u00e9rique (CBDC) en Afrique \u00bb, les \u00ab ponts blockchain de l&rsquo;Afrique vers l&rsquo;Asie, Isra\u00ebl, l&rsquo;Europe et les \u00c9tats-Unis \u00bb, le \u00ab bitcoin et les syst\u00e8mes de paiement alternatifs pour la population non bancaris\u00e9e \u00bb et les \u00ab d\u00e9fis r\u00e9glementaires pour la croissance de l&rsquo;\u00e9cosyst\u00e8me crypto et blockchain en Afrique \u00bb.<\/p>\n<p>Pour rappel, Marita Group est un Holding marocain sp\u00e9cialis\u00e9 dans les solutions cl\u00e9 en main dans le d\u00e9veloppement immobilier, les \u00e9nergies renouvelables, la fabrication et les v\u00e9hicules \u00e9lectriques.<\/p>\n<p>Cet article <a rel=\"nofollow\" href=\"https:\/\/www.journalducameroun.com\/maroc-la-semaine-africaine-de-la-blockchain-sinvite-a-rabat\/\">Maroc : la semaine africaine de la blockchain s\u2019invite \u00e0 Rabat<\/a> est apparu en premier sur <a rel=\"nofollow\" href=\"https:\/\/www.journalducameroun.com\/\">Journal du Cameroun<\/a>.<\/p>\n<\/div>\n<p>Auteur: APA News<br \/>\n<a href=\"https:\/\/www.journalducameroun.com\/maroc-la-semaine-africaine-de-la-blockchain-sinvite-a-rabat\/\">Cliquez ici pour lire l&rsquo;article depuis sa source.<\/a><\/p>\n","protected":false},"excerpt":{"rendered":"<p>Le sommet virtuel 2021 de la semaine africaine de la blockchain (Africa Blockchain Week) s&rsquo;ouvre ce lundi 28 juin \u00e0 Rabat. \u00a0Plus de 5000 participants y prendront part en mode virtuel.Au programme de cette grand-messe, organis\u00e9e par les groupes Nexchange et le Groupe immobilier marocain \u00ab Marita \u00bb, un aper\u00e7u de la situation actuelle des [&hellip;]<\/p>\n","protected":false},"author":1965,"featured_media":0,"comment_status":"closed","ping_status":"closed","sticky":false,"template":"","format":"standard","meta":{"fifu_image_url":"https:\/\/www.journalducameroun.com\/wp-content\/uploads\/2021\/06\/16247098824193.jpg","fifu_image_alt":"Maroc : la semaine africaine de la blockchain s\u2019invite \u00e0 Rabat","footnotes":""},"categories":[73,82],"tags":[],"class_list":["post-119636","post","type-post","status-publish","format-standard","hentry","category-actualite","category-cameroun"],"_links":{"self":[{"href":"https:\/\/linitiative.ca\/International\/wp-json\/wp\/v2\/posts\/119636","targetHints":{"allow":["GET"]}}],"collection":[{"href":"https:\/\/linitiative.ca\/International\/wp-json\/wp\/v2\/posts"}],"about":[{"href":"https:\/\/linitiative.ca\/International\/wp-json\/wp\/v2\/types\/post"}],"author":[{"embeddable":true,"href":"https:\/\/linitiative.ca\/International\/wp-json\/wp\/v2\/users\/1965"}],"replies":[{"embeddable":true,"href":"https:\/\/linitiative.ca\/International\/wp-json\/wp\/v2\/comments?post=119636"}],"version-history":[{"count":0,"href":"https:\/\/linitiative.ca\/International\/wp-json\/wp\/v2\/posts\/119636\/revisions"}],"wp:attachment":[{"href":"https:\/\/linitiative.ca\/International\/wp-json\/wp\/v2\/media?parent=119636"}],"wp:term":[{"taxonomy":"category","embeddable":true,"href":"https:\/\/linitiative.ca\/International\/wp-json\/wp\/v2\/categories?post=119636"},{"taxonomy":"post_tag","embeddable":true,"href":"https:\/\/linitiative.ca\/International\/wp-json\/wp\/v2\/tags?post=119636"}],"curies":[{"name":"wp","href":"https:\/\/api.w.org\/{rel}","templated":true}]}}