{"id":119638,"date":"2021-06-26T09:05:29","date_gmt":"2021-06-26T13:05:29","guid":{"rendered":"https:\/\/linitiative.ca\/International\/cameroun-necrologie-lartiste-wes-madiko-sest-tu-pour-toujours\/"},"modified":"2021-06-26T09:05:29","modified_gmt":"2021-06-26T13:05:29","slug":"cameroun-necrologie-lartiste-wes-madiko-sest-tu-pour-toujours","status":"publish","type":"post","link":"https:\/\/linitiative.ca\/International\/cameroun-necrologie-lartiste-wes-madiko-sest-tu-pour-toujours\/","title":{"rendered":"Cameroun \u2013 N\u00e9crologie\u00a0: l\u2019artiste Wes Madiko s\u2019est tu pour toujours"},"content":{"rendered":"<div>\n<p><img loading=\"lazy\" decoding=\"async\" width=\"720\" height=\"662\" src=\"https:\/\/linitiative.ca\/International\/wp-content\/uploads\/sites\/23\/2021\/06\/Screenshot_20210626-140248_1.jpg\" class=\"attachment-post-thumbnail size-post-thumbnail wp-post-image\" alt=\"\" srcset=\"https:\/\/linitiative.ca\/International\/wp-content\/uploads\/sites\/23\/2021\/06\/Screenshot_20210626-140248_1.jpg 720w, https:\/\/www.journalducameroun.com\/wp-content\/uploads\/2021\/06\/Screenshot_20210626-140248_1-300x276.jpg 300w, https:\/\/www.journalducameroun.com\/wp-content\/uploads\/2021\/06\/Screenshot_20210626-140248_1-479x440.jpg 479w, https:\/\/www.journalducameroun.com\/wp-content\/uploads\/2021\/06\/Screenshot_20210626-140248_1-600x552.jpg 600w\" sizes=\"auto, (max-width: 720px) 100vw, 720px\"><\/p>\n<p style=\"font-weight: 400;\"><strong>Le c\u00e9l\u00e8bre chanteur camerounais Wes Madiko est pass\u00e9 de vie \u00e0 tr\u00e9pas, ce vendredi 25 juin 2021, \u00e0 l\u2019\u00e2ge de 57 ans.\u00a0\u00a0Selon plusieurs sources, l\u2019artiste a rendu l\u2019\u00e2me dans la mi-journ\u00e9e alors qu\u2019il subissait une op\u00e9ration chirurgicale dans une clinique parisienne, alors qu\u2019il souffrait d\u2019une infection nosocomiale.<\/strong><\/p>\n<p>\u00a0<\/p>\n<p style=\"font-weight: 400;\">Le monde de la musique est en deuil. Il a perdu l\u2019un des artistes africains les plus dou\u00e9s de sa g\u00e9n\u00e9ration, La maladie qui rongeait Wes Madiko depuis longtemps a fini par avoir raison de lui.<strong>\u00a0<\/strong>Laur\u00e9at du Grammy Award en 1998 et r\u00e9compens\u00e9 par Son Altesse S\u00e9r\u00e9nissime Le Prince Albert de Monaco dans la cat\u00e9gorie du premier artiste Africain ayant vendu plus de 10 millions de singles avec sa chanson \u00ab Alane \u00bb et plus de 5 millions de disques avec son Album \u00ab Welenga \u00bb en Europe. Trois fois vainqueur des World Music Awards, Wes Madiko, Le Roi de la World Music et dont le nom signifie \u00ab Racines de la terre des anc\u00eatres \u00bb \u00e9tait\u00a0\u00a0un artiste de talent d\u2019envergure internationale, au talent unique.<\/p>\n<p style=\"font-weight: 400;\">Wes Madiko , c\u2019est l\u2019histoire d\u2019un enfant\u00a0\u00a0n\u00e9 le 15 janvier 1964 \u00e0 Mouataba,\u00a0\u00a0un petit village situ\u00e9 \u00e0 cent kilom\u00e8tres environ de la ville de Douala, dans la commune de Njombe Penja\u00a0\u00a0dans le d\u00e9partement du Moungo\u00a0\u00a0En\u00a0\u00a01074, \u00e0 l&rsquo;\u00e2ge de dix ans, Wes Madiko devient le chef du groupe Kwa Kwassi, nom qui signifie \u00ab\u00a0penser juste\u00a0\u00bb. Cette formation musicale r\u00e9unit les jeunes les plus talentueux du village, ceux qui ont re\u00e7u une instruction sur l&rsquo;art et l&rsquo;histoire de son peuple. En 1987, Wes est rep\u00e9r\u00e9 par des touristes lors d&rsquo;un concert de Kwa Kwassi. Il quitte alors le Cameroun pour l&rsquo;Europe.<\/p>\n<p style=\"font-weight: 400;\">En 1998, il cr\u00e9e le groupe Fakol avec Benjamin Valfroy et Jo Sene. Fakol se produit aux Pays-Bas et dans plusieurs autres pays d&rsquo;Europe. En plus de sa carri\u00e8re musicale, Wes commence \u00e0 s&rsquo;investir dans les \u0153uvres sociales. Il se rend dans des \u00e9coles \u00e0 Lille\u00a0\u00a0et travaille avec des enfants. Il prend grand plaisir \u00e0 promouvoir la \u00ab\u00a0sagesse des \u00e9l\u00e9phants\u00a0\u00bb et l\u2019histoire antique de l\u2019Afrique. En 1990, le fr\u00e8re puis le p\u00e8re de Wes meurent. Ces \u00e9v\u00e9nements conduisent Wes \u00e0 m\u00e9diter sur la fragilit\u00e9 de la vie. Il d\u00e9clare alors\u00a0: \u00ab\u00a0Il arrive des moments o\u00f9 le sentiment d&rsquo;impuissance vous saisit et menace de vous briser, mais vous laisse plant\u00e9 l\u00e0, en vous convaincant qu&rsquo;il y a un souffle de vie quelque part\u00a0\u00bb<\/p>\n<p style=\"font-weight: 400;\">\u00a0En 1992, il se rend aux Etats-Unis\u00a0\u00a0pour une tourn\u00e9e de promotion de son album\u00a0<em>Roots<\/em>. Peu apr\u00e8s, il rencontre dans un magasin d&rsquo;instruments de musique Bernard Delhalle photographe et ami intime de Michel Sanchez\u00a0\u00a0et Bernard lui organise une rencontre avec Michel. Il conna\u00eet le succ\u00e8s avec l&rsquo;album Welenga, compos\u00e9, arrang\u00e9 et produit par\u00a0\u00a0Michel Sanchez, fondateur de Deep Forest. En 1997, son titre Alane issu de\u00a0<em>Welenga<\/em>, devient un tube de l\u2019\u00e9t\u00e9\u00a0\u00a0en Europe. Wes devient ainsi le second artiste africain \u00e0 remporter un disque de diamant (single) en France, le 25 juin 1997 (apr\u00e8s Khaled, le 15 janvier 1997, pour son single\u00a0<em>A\u00efcha<\/em>) L&rsquo;ann\u00e9e suivante, sa chanson\u00a0<em>In Youpendi<\/em>\u00a0est utilis\u00e9e dans le film le Roi Lion 2\u00a0: l\u2019Homme de la tribu.<\/p>\n<p style=\"font-weight: 400;\">Apr\u00e8s une tr\u00e8s longue travers\u00e9e du d\u00e9sert, Wes Madiko s\u2019est tu \u00e0 jamais, plongeant de\u00a0\u00a0nombreux m\u00e9lomanes dans le chagrin.<\/p>\n<p>Cet article <a rel=\"nofollow\" href=\"https:\/\/www.journalducameroun.com\/cameroun-necrologie-lartiste-wes-madiko-sest-tu-pour-toujours-cameroun\/\">Cameroun \u2013 N\u00e9crologie\u00a0: l\u2019artiste Wes Madiko s\u2019est tu pour toujours<\/a> est apparu en premier sur <a rel=\"nofollow\" href=\"https:\/\/www.journalducameroun.com\/\">Journal du Cameroun<\/a>.<\/p>\n<\/div>\n<p>Auteur: Christian DJIMADEU<br \/>\n<a href=\"https:\/\/www.journalducameroun.com\/cameroun-necrologie-lartiste-wes-madiko-sest-tu-pour-toujours-cameroun\/\">Cliquez ici pour lire l&rsquo;article depuis sa source.<\/a><\/p>\n","protected":false},"excerpt":{"rendered":"<p>Le c\u00e9l\u00e8bre chanteur camerounais Wes Madiko est pass\u00e9 de vie \u00e0 tr\u00e9pas, ce vendredi 25 juin 2021, \u00e0 l\u2019\u00e2ge de 57 ans.\u00a0\u00a0Selon plusieurs sources, l\u2019artiste a rendu l\u2019\u00e2me dans la mi-journ\u00e9e alors qu\u2019il subissait une op\u00e9ration chirurgicale dans une clinique parisienne, alors qu\u2019il souffrait d\u2019une infection nosocomiale. \u00a0 Le monde de la musique est en [&hellip;]<\/p>\n","protected":false},"author":1965,"featured_media":0,"comment_status":"closed","ping_status":"closed","sticky":false,"template":"","format":"standard","meta":{"fifu_image_url":"https:\/\/www.journalducameroun.com\/wp-content\/uploads\/2021\/06\/Screenshot_20210626-140248_1.jpg","fifu_image_alt":"Cameroun \u2013 N\u00e9crologie\u00a0: l\u2019artiste Wes Madiko s\u2019est tu pour toujours","footnotes":""},"categories":[73,82],"tags":[],"class_list":["post-119638","post","type-post","status-publish","format-standard","hentry","category-actualite","category-cameroun"],"_links":{"self":[{"href":"https:\/\/linitiative.ca\/International\/wp-json\/wp\/v2\/posts\/119638","targetHints":{"allow":["GET"]}}],"collection":[{"href":"https:\/\/linitiative.ca\/International\/wp-json\/wp\/v2\/posts"}],"about":[{"href":"https:\/\/linitiative.ca\/International\/wp-json\/wp\/v2\/types\/post"}],"author":[{"embeddable":true,"href":"https:\/\/linitiative.ca\/International\/wp-json\/wp\/v2\/users\/1965"}],"replies":[{"embeddable":true,"href":"https:\/\/linitiative.ca\/International\/wp-json\/wp\/v2\/comments?post=119638"}],"version-history":[{"count":0,"href":"https:\/\/linitiative.ca\/International\/wp-json\/wp\/v2\/posts\/119638\/revisions"}],"wp:attachment":[{"href":"https:\/\/linitiative.ca\/International\/wp-json\/wp\/v2\/media?parent=119638"}],"wp:term":[{"taxonomy":"category","embeddable":true,"href":"https:\/\/linitiative.ca\/International\/wp-json\/wp\/v2\/categories?post=119638"},{"taxonomy":"post_tag","embeddable":true,"href":"https:\/\/linitiative.ca\/International\/wp-json\/wp\/v2\/tags?post=119638"}],"curies":[{"name":"wp","href":"https:\/\/api.w.org\/{rel}","templated":true}]}}