{"id":119640,"date":"2021-06-26T10:18:02","date_gmt":"2021-06-26T14:18:02","guid":{"rendered":"https:\/\/linitiative.ca\/International\/le-parlement-arabe-rejette-categoriquement-la-decision-du-parlement-europeen-sur-le-maroc\/"},"modified":"2021-06-26T10:18:02","modified_gmt":"2021-06-26T14:18:02","slug":"le-parlement-arabe-rejette-categoriquement-la-decision-du-parlement-europeen-sur-le-maroc","status":"publish","type":"post","link":"https:\/\/linitiative.ca\/International\/le-parlement-arabe-rejette-categoriquement-la-decision-du-parlement-europeen-sur-le-maroc\/","title":{"rendered":"Le Parlement arabe rejette \u00ab cat\u00e9goriquement \u00bb la d\u00e9cision du parlement europ\u00e9en sur le Maroc"},"content":{"rendered":"<div>\n<p><img loading=\"lazy\" decoding=\"async\" width=\"1280\" height=\"853\" src=\"https:\/\/linitiative.ca\/International\/wp-content\/uploads\/sites\/23\/2021\/06\/16247170821351.jpg\" class=\"attachment-post-thumbnail size-post-thumbnail wp-post-image\" alt=\"\" srcset=\"https:\/\/linitiative.ca\/International\/wp-content\/uploads\/sites\/23\/2021\/06\/16247170821351.jpg 1280w, https:\/\/www.journalducameroun.com\/wp-content\/uploads\/2021\/06\/16247170821351-300x200.jpg 300w, https:\/\/www.journalducameroun.com\/wp-content\/uploads\/2021\/06\/16247170821351-768x512.jpg 768w, https:\/\/www.journalducameroun.com\/wp-content\/uploads\/2021\/06\/16247170821351-1024x682.jpg 1024w, https:\/\/www.journalducameroun.com\/wp-content\/uploads\/2021\/06\/16247170821351-660x440.jpg 660w, https:\/\/www.journalducameroun.com\/wp-content\/uploads\/2021\/06\/16247170821351-600x400.jpg 600w\" sizes=\"auto, (max-width: 1280px) 100vw, 1280px\"><\/p>\n<p>Par Mohamed Fayed &#8212; Le Parlement arabe, r\u00e9uni en urgence ce samedi au Caire, a exprim\u00e9 son rejet \u00ab cat\u00e9gorique \u00bb de la r\u00e9solution rendue par le Parlement europ\u00e9en le 10 juin 2021, relative \u00e0 la politique du Maroc en mati\u00e8re d&rsquo;immigration.Dans une d\u00e9cision, adopt\u00e9e \u00e0 l&rsquo;unanimit\u00e9, le parlement arabe consid\u00e8re que la r\u00e9solution du parlement europ\u00e9en, qui comporte de fausses critiques et des accusations sans fondement, constitue un chantage et une politisation inacceptable des efforts du Maroc pour faire face au probl\u00e8me de l&rsquo;immigration clandestine.<\/p>\n<p>La Parlement arabe a \u00e9galement condamn\u00e9 fermement l&rsquo;ing\u00e9rence du Parlement europ\u00e9en et de son insistance \u00e0 s&rsquo;impliquer dans une crise bilat\u00e9rale entre le Maroc et l&rsquo;Espagne, laquelle peut \u00eatre r\u00e9solue par la voie diplomatique et la n\u00e9gociation bilat\u00e9rale directe entre les deux pays.<\/p>\n<p>Il a salu\u00e9 les efforts inlassables d\u00e9ploy\u00e9s par le Maroc dans la lutte contre l&rsquo;immigration clandestine, qui d\u00e9coulent d&rsquo;une volont\u00e9 politique forte et des instructions du Roi Mohammed VI en tant que champion de la migration, en vue de r\u00e9soudre les probl\u00e8mes de la migration en Afrique.<\/p>\n<p>Les parlementaires arabes ont exprim\u00e9 aussi leur rejet total de l&rsquo;approche \u00ab arrogante inacceptable \u00bb du Parlement europ\u00e9en dans le traitement des questions li\u00e9es aux pays arabes, en publiant des r\u00e9solutions qui contredisent les exigences du partenariat strat\u00e9gique entre les pays arabes et ceux europ\u00e9ens.<\/p>\n<p>Ils ont appel\u00e9 le Parlement europ\u00e9en \u00e0 abandonner ces pratiques \u00ab provocatrices \u00bb et adopter des positions \u00ab pragmatiques \u00bb et \u00ab responsables \u00bb qui renforceraient la coop\u00e9ration et la coordination conjointe entre les pays arabes et europ\u00e9ens.<\/p>\n<p>A cet \u00e9gard, ils ont plaid\u00e9 pour la mise en place d&rsquo;un plan d&rsquo;action arabe unifi\u00e9 et int\u00e9gr\u00e9 pour faire face \u00e0 ces positions \u00ab irresponsables \u00bb du Parlement europ\u00e9en, et d&rsquo;une mani\u00e8re qui garantisse le respect de la souverainet\u00e9 des pays arabes et la non-ing\u00e9rence dans leurs affaires.<\/p>\n<p>Ils ont exhort\u00e9 l&rsquo;Union interparlementaire, le Parlement m\u00e9diterran\u00e9en, l&rsquo;Assembl\u00e9e parlementaire de l&rsquo;Union pour la M\u00e9diterran\u00e9e (UpM) et tous les parlements r\u00e9gionaux, \u00e0 rejeter et condamner la d\u00e9cision du parlement europ\u00e9en au sujet du Maroc, laquelle \u00ab s&rsquo;inscrit en faux avec les r\u00e8gles internationalement reconnues de la diplomatie parlementaire \u00bb.<\/p>\n<p>Soulignant sa position ferme et permanente de pleine solidarit\u00e9 avec le Royaume du Maroc, le parlement arabe a charg\u00e9 son Pr\u00e9sident de prendre les mesures appropri\u00e9es pour soutenir le Maroc dans la r\u00e9ponse \u00e0 cette d\u00e9cision.<\/p>\n<p>Par ailleurs, les parlementaires arabes ont mis l&rsquo;accent sur le caract\u00e8re arabe des villes marocaines de Sebta et de Melilla et des \u00eeles marocaines occup\u00e9es, soulignant l&rsquo;imp\u00e9ratif et la n\u00e9cessit\u00e9 d&rsquo;ouvrir ce dossier, comme cons\u00e9quences de la p\u00e9riode coloniale.<\/p>\n<p>Cet article <a rel=\"nofollow\" href=\"https:\/\/www.journalducameroun.com\/le-parlement-arabe-rejette-categoriquement-la-decision-du-parlement-europeen-sur-le-maroc\/\">Le Parlement arabe rejette \u00ab cat\u00e9goriquement \u00bb la d\u00e9cision du parlement europ\u00e9en sur le Maroc<\/a> est apparu en premier sur <a rel=\"nofollow\" href=\"https:\/\/www.journalducameroun.com\/\">Journal du Cameroun<\/a>.<\/p>\n<\/div>\n<p>Auteur: APA News<br \/>\n<a href=\"https:\/\/www.journalducameroun.com\/le-parlement-arabe-rejette-categoriquement-la-decision-du-parlement-europeen-sur-le-maroc\/\">Cliquez ici pour lire l&rsquo;article depuis sa source.<\/a><\/p>\n","protected":false},"excerpt":{"rendered":"<p>Par Mohamed Fayed &#8212; Le Parlement arabe, r\u00e9uni en urgence ce samedi au Caire, a exprim\u00e9 son rejet \u00ab cat\u00e9gorique \u00bb de la r\u00e9solution rendue par le Parlement europ\u00e9en le 10 juin 2021, relative \u00e0 la politique du Maroc en mati\u00e8re d&rsquo;immigration.Dans une d\u00e9cision, adopt\u00e9e \u00e0 l&rsquo;unanimit\u00e9, le parlement arabe consid\u00e8re que la r\u00e9solution du [&hellip;]<\/p>\n","protected":false},"author":1965,"featured_media":0,"comment_status":"closed","ping_status":"closed","sticky":false,"template":"","format":"standard","meta":{"fifu_image_url":"https:\/\/www.journalducameroun.com\/wp-content\/uploads\/2021\/06\/16247170821351.jpg","fifu_image_alt":"Le Parlement arabe rejette \u00ab cat\u00e9goriquement \u00bb la d\u00e9cision du parlement europ\u00e9en sur le Maroc","footnotes":""},"categories":[73,82],"tags":[],"class_list":["post-119640","post","type-post","status-publish","format-standard","hentry","category-actualite","category-cameroun"],"_links":{"self":[{"href":"https:\/\/linitiative.ca\/International\/wp-json\/wp\/v2\/posts\/119640","targetHints":{"allow":["GET"]}}],"collection":[{"href":"https:\/\/linitiative.ca\/International\/wp-json\/wp\/v2\/posts"}],"about":[{"href":"https:\/\/linitiative.ca\/International\/wp-json\/wp\/v2\/types\/post"}],"author":[{"embeddable":true,"href":"https:\/\/linitiative.ca\/International\/wp-json\/wp\/v2\/users\/1965"}],"replies":[{"embeddable":true,"href":"https:\/\/linitiative.ca\/International\/wp-json\/wp\/v2\/comments?post=119640"}],"version-history":[{"count":0,"href":"https:\/\/linitiative.ca\/International\/wp-json\/wp\/v2\/posts\/119640\/revisions"}],"wp:attachment":[{"href":"https:\/\/linitiative.ca\/International\/wp-json\/wp\/v2\/media?parent=119640"}],"wp:term":[{"taxonomy":"category","embeddable":true,"href":"https:\/\/linitiative.ca\/International\/wp-json\/wp\/v2\/categories?post=119640"},{"taxonomy":"post_tag","embeddable":true,"href":"https:\/\/linitiative.ca\/International\/wp-json\/wp\/v2\/tags?post=119640"}],"curies":[{"name":"wp","href":"https:\/\/api.w.org\/{rel}","templated":true}]}}