{"id":119642,"date":"2021-06-26T15:18:02","date_gmt":"2021-06-26T19:18:02","guid":{"rendered":"https:\/\/linitiative.ca\/International\/la-mutuelle-des-journalistes-ivoiriens-enregistre-son-premier-resultat-positif\/"},"modified":"2021-06-26T15:18:02","modified_gmt":"2021-06-26T19:18:02","slug":"la-mutuelle-des-journalistes-ivoiriens-enregistre-son-premier-resultat-positif","status":"publish","type":"post","link":"https:\/\/linitiative.ca\/International\/la-mutuelle-des-journalistes-ivoiriens-enregistre-son-premier-resultat-positif\/","title":{"rendered":"La mutuelle des journalistes ivoiriens enregistre son premier r\u00e9sultat positif"},"content":{"rendered":"<div>\n<p><img loading=\"lazy\" decoding=\"async\" width=\"1024\" height=\"714\" src=\"https:\/\/linitiative.ca\/International\/wp-content\/uploads\/sites\/23\/2021\/06\/16247350835832.jpg\" class=\"attachment-post-thumbnail size-post-thumbnail wp-post-image\" alt=\"\" srcset=\"https:\/\/linitiative.ca\/International\/wp-content\/uploads\/sites\/23\/2021\/06\/16247350835832.jpg 1024w, https:\/\/www.journalducameroun.com\/wp-content\/uploads\/2021\/06\/16247350835832-300x209.jpg 300w, https:\/\/www.journalducameroun.com\/wp-content\/uploads\/2021\/06\/16247350835832-768x536.jpg 768w, https:\/\/www.journalducameroun.com\/wp-content\/uploads\/2021\/06\/16247350835832-631x440.jpg 631w, https:\/\/www.journalducameroun.com\/wp-content\/uploads\/2021\/06\/16247350835832-600x418.jpg 600w\" sizes=\"auto, (max-width: 1024px) 100vw, 1024px\"><\/p>\n<p>La mutuelle g\u00e9n\u00e9ral des agents des m\u00e9dias priv\u00e9s de C\u00f4te d&rsquo;Ivoire (MS-M\u00e9dias) a enregistr\u00e9 son premier r\u00e9sultat positif depuis sa mise en place, \u00e0 l&rsquo;issue de l&rsquo;exercice 2020.<\/p>\n<p>Ce bilan positif a \u00e9t\u00e9 port\u00e9 \u00e0 la connaissance des mutualistes lors d&rsquo;une assembl\u00e9e g\u00e9n\u00e9rale ordinaire tenue, samedi, \u00e0 la Maison de la presse d&rsquo;Abidjan-Plateau.<\/p>\n<p>\u00a0\u00abApr\u00e8s des r\u00e9sultats financiers d\u00e9ficitaires en 2018 (-33 378 778 FCFA) et en 2019 (-15 832 122 FCFA), la MS-M\u00e9dias enregistre son premier r\u00e9sultat exc\u00e9dentaire au titre de l&rsquo;exercice 2020 (30 180 094 FCFA)\u00bb, a d\u00e9clar\u00e9 au cours de cette assembl\u00e9e g\u00e9n\u00e9rale, le pr\u00e9sident du Conseil d&rsquo;administration de la MS-M\u00e9dias, Sindou Ciss\u00e9 pr\u00e9sentant le rapport de l&rsquo;exercice 2020.<\/p>\n<p>\u00ab Ce chiffre reste modeste, mais il repr\u00e9sente un pas important franchi par notre jeune mutuelle. Nous devrons donc par nos efforts conjugu\u00e9s, maintenir la courbe ascendante de nos r\u00e9sultats \u00bb, a-t-il lanc\u00e9 \u00e0 la cinquantaine de d\u00e9l\u00e9gu\u00e9s des mutualistes.<\/p>\n<p>Pour lui, \u00ab cela passe forc\u00e9ment par une meilleure ma\u00eetrise de nos charges \u00bb. Les charges de prestations m\u00e9dicales, principales d\u00e9penses de la mutuelle, sont pass\u00e9es de 117 078 211 FCFA en 2018 \u00e0 110 867 622 FCFA en 2019, puis \u00e0 116 370 289 FCFA en 2020. \u00a0\u00a0<\/p>\n<p>\u00ab Le passage \u00e0 l&rsquo;auto-gestion en 2020 a am\u00e9lior\u00e9 le suivi et le contr\u00f4le des prestations tout en permettant une meilleure fluidit\u00e9 dans la prise en charge. Cependant, les charges de prestations m\u00e9dicales restent \u00e9lev\u00e9es en partie \u00e0 cause du nombre croissant de grands malades \u00bb, a expliqu\u00e9 le PCA.<\/p>\n<p>Sur le plan financier, la MS-M\u00e9dias reste fortement d\u00e9pendante de l&rsquo;aide du Fonds de soutien et de d\u00e9veloppement de la presse (FSDP) qui est de 60 316 000 FCFA en 2018, soit 30% du budget, 90 982 000 FCFA en 2019, soit 38,5% du budget et 100 000 000 FCFA en 2020, soit 38,5% du budget.<\/p>\n<p>Les cotisations des mutualistes qui constituent les ressources propres de la mutuelle, sont pass\u00e9es de 76 725 000 FCFA en 2018 \u00e0 100 935 000 FCFA en 2019 et 113 397 000 FCFA en 2020. Toutefois, ces ressources restent faibles.<\/p>\n<p>Cela, a expliqu\u00e9 Sindou Ciss\u00e9, est d\u00fb \u00e0 la faiblesse du taux de cotisation qui demeure largement en de\u00e7\u00e0 des primes ou cotisations pr\u00e9lev\u00e9es par les assurances ou mutuelles de sant\u00e9 offrant le m\u00eame taux de couverture que la MS-M\u00e9dias.<\/p>\n<p>Le Conseil d&rsquo;administration tenant compte des difficult\u00e9s financi\u00e8res actuelles des entreprises de presse, privil\u00e9gie comme piste de solutions, la r\u00e9duction des charges des prestations m\u00e9dicales notamment par la lutte contre les abus, mais surtout par la cr\u00e9ation d&rsquo;un h\u00f4pital ou des h\u00f4pitaux appartenant \u00e0 la mutuelle et capables d&rsquo;offrir des soins de qualit\u00e9 \u00e0 des moindres co\u00fbt au plus grand nombre d&rsquo;assur\u00e9s.<\/p>\n<p>Par ailleurs, la cr\u00e9ation de nouvelles sources de revenus est privil\u00e9gi\u00e9e. D&rsquo;o\u00f9 des activit\u00e9s telles que le projet immobilier qui tout en jouant un r\u00f4le social \u00e0 travers les facilit\u00e9s d&rsquo;acc\u00e8s au toit qu&rsquo;il offre aux mutualistes, g\u00e9n\u00e8re des ressources additionnelles \u00e0 la mutuelle.<\/p>\n<p>Au 31 d\u00e9cembre 2020, la MS-M\u00e9dias compte 494 adh\u00e9rents principaux pour 1607 ayants-droit, soit une moyenne de 04 ayants-droit par souscription, a poursuivi M. Ciss\u00e9, ajoutant qu&rsquo;en \u00ab 2020, la mutuelle a produit 10 000 bons de prise en charge utilis\u00e9s par ses prestataires \u00bb.<\/p>\n<p>\u00ab Ce r\u00e9sultat (positif) est \u00e0 mettre \u00e0 l&rsquo;actif de la d\u00e9cision strat\u00e9gique de l&rsquo;autonomie de gestion mais surtout au leadership de l&rsquo;\u00e9quipe la MS-M\u00e9dias \u00bb s&rsquo;est f\u00e9licit\u00e9 le Comit\u00e9 de contr\u00f4le pr\u00e9sid\u00e9 par Ousmane Sy Savan\u00e9 assist\u00e9 de Seydou Sangar\u00e9 et d&rsquo;Hamadou Coulibaly.<\/p>\n<p>\u00ab Toutefois, la mutuelle reste fortement tributaire de la subvention du FSDP \u00bb, a fait observer le Comit\u00e9 de contr\u00f4le dans son rapport, estimant que \u00ab la mutuelle gagnerait \u00e0 d\u00e9velopper d&rsquo;avantage des activit\u00e9s g\u00e9n\u00e9ratrices de revenus (AGR) de sorte \u00e0 augmenter les ressources \u00bb.<\/p>\n<p>Pour cet organe de contr\u00f4le de la MS-M\u00e9dias, \u00ab l&rsquo;autonomie de gestion d\u00e9marr\u00e9e en 2020 et l&rsquo;augmentation du montant de la cotisation ont montr\u00e9 que la mutuelle a fait un choix qui conforte les bons r\u00e9sultats que nous constatons \u00bb.<\/p>\n<p>C&rsquo;est pourquoi, il a recommand\u00e9 que la mutuelle travaille \u00e0 am\u00e9liorer son mod\u00e8le et tendre vers cette matrice qui privil\u00e9gie le d\u00e9veloppement des sources de revenus. \u00ab Cela permettra de briser la trop forte d\u00e9pendance de la mutuelle \u00e0 la subvention du FSDP \u00bb, a conclu le Comit\u00e9 de contr\u00f4le.<\/p>\n<p>Au 31 d\u00e9cembre 2020, le r\u00e9seau de prestataires conventionn\u00e9s par la MS-M\u00e9dias compte 33 h\u00f4pitaux publics et priv\u00e9s, 35 pharmacies, 3 laboratoires, 8 cabinets d&rsquo;optique. \u00a0<\/p>\n<p>Le budget 2021 de la MS-M\u00e9dias est de 287 525 000 FCFA contre 261 000 000 FCFA en 2020, soit une hausse d&rsquo;environ 10%.<\/p>\n<p>Port\u00e9e sur les fonts baptismaux en f\u00e9vrier 2017, la Mutuelle g\u00e9n\u00e9rale des agents des m\u00e9dias priv\u00e9s de C\u00f4te d&rsquo;Ivoire (MS-M\u00e9dias) se veut un outil de solidarit\u00e9 au service des journalistes et agents des m\u00e9dias priv\u00e9s ivoiriens.<\/p>\n<p>Elle dispose de trois produits op\u00e9rationnels que sont l&rsquo;assurance sant\u00e9, le Fonds de solidarit\u00e9 et le projet immobilier.<\/p>\n<p>Cet article <a rel=\"nofollow\" href=\"https:\/\/www.journalducameroun.com\/la-mutuelle-des-journalistes-ivoiriens-enregistre-son-premier-resultat-positif\/\">La mutuelle des journalistes ivoiriens enregistre son premier r\u00e9sultat positif<\/a> est apparu en premier sur <a rel=\"nofollow\" href=\"https:\/\/www.journalducameroun.com\/\">Journal du Cameroun<\/a>.<\/p>\n<\/div>\n<p>Auteur: APA News<br \/>\n<a href=\"https:\/\/www.journalducameroun.com\/la-mutuelle-des-journalistes-ivoiriens-enregistre-son-premier-resultat-positif\/\">Cliquez ici pour lire l&rsquo;article depuis sa source.<\/a><\/p>\n","protected":false},"excerpt":{"rendered":"<p>La mutuelle g\u00e9n\u00e9ral des agents des m\u00e9dias priv\u00e9s de C\u00f4te d&rsquo;Ivoire (MS-M\u00e9dias) a enregistr\u00e9 son premier r\u00e9sultat positif depuis sa mise en place, \u00e0 l&rsquo;issue de l&rsquo;exercice 2020. Ce bilan positif a \u00e9t\u00e9 port\u00e9 \u00e0 la connaissance des mutualistes lors d&rsquo;une assembl\u00e9e g\u00e9n\u00e9rale ordinaire tenue, samedi, \u00e0 la Maison de la presse d&rsquo;Abidjan-Plateau. \u00a0\u00abApr\u00e8s des [&hellip;]<\/p>\n","protected":false},"author":1965,"featured_media":0,"comment_status":"closed","ping_status":"closed","sticky":false,"template":"","format":"standard","meta":{"fifu_image_url":"https:\/\/www.journalducameroun.com\/wp-content\/uploads\/2021\/06\/16247350835832.jpg","fifu_image_alt":"La mutuelle des journalistes ivoiriens enregistre son premier r\u00e9sultat positif","footnotes":""},"categories":[73,82],"tags":[],"class_list":["post-119642","post","type-post","status-publish","format-standard","hentry","category-actualite","category-cameroun"],"_links":{"self":[{"href":"https:\/\/linitiative.ca\/International\/wp-json\/wp\/v2\/posts\/119642","targetHints":{"allow":["GET"]}}],"collection":[{"href":"https:\/\/linitiative.ca\/International\/wp-json\/wp\/v2\/posts"}],"about":[{"href":"https:\/\/linitiative.ca\/International\/wp-json\/wp\/v2\/types\/post"}],"author":[{"embeddable":true,"href":"https:\/\/linitiative.ca\/International\/wp-json\/wp\/v2\/users\/1965"}],"replies":[{"embeddable":true,"href":"https:\/\/linitiative.ca\/International\/wp-json\/wp\/v2\/comments?post=119642"}],"version-history":[{"count":0,"href":"https:\/\/linitiative.ca\/International\/wp-json\/wp\/v2\/posts\/119642\/revisions"}],"wp:attachment":[{"href":"https:\/\/linitiative.ca\/International\/wp-json\/wp\/v2\/media?parent=119642"}],"wp:term":[{"taxonomy":"category","embeddable":true,"href":"https:\/\/linitiative.ca\/International\/wp-json\/wp\/v2\/categories?post=119642"},{"taxonomy":"post_tag","embeddable":true,"href":"https:\/\/linitiative.ca\/International\/wp-json\/wp\/v2\/tags?post=119642"}],"curies":[{"name":"wp","href":"https:\/\/api.w.org\/{rel}","templated":true}]}}