{"id":119656,"date":"2021-06-27T06:00:00","date_gmt":"2021-06-27T10:00:00","guid":{"rendered":"https:\/\/linitiative.ca\/International\/le-maroc-sera-toujours-aux-cotes-des-institutions-libyennes-legitimes\/"},"modified":"2021-06-27T06:00:00","modified_gmt":"2021-06-27T10:00:00","slug":"le-maroc-sera-toujours-aux-cotes-des-institutions-libyennes-legitimes","status":"publish","type":"post","link":"https:\/\/linitiative.ca\/International\/le-maroc-sera-toujours-aux-cotes-des-institutions-libyennes-legitimes\/","title":{"rendered":"Le Maroc sera toujours aux c\u00f4t\u00e9s des institutions libyennes l\u00e9gitimes"},"content":{"rendered":"<div>\n<p class=\"has-text-align-center has-vivid-red-color has-text-color\">Bourita s\u2019entretient avec Aguila Saleh<\/p>\n<p class=\"has-vivid-cyan-blue-color has-text-color\"><strong>Le Royaume du Maroc, conform\u00e9ment aux Hautes Instructions de SM le Roi Mohammed VI, se tiendra toujours aux c\u00f4t\u00e9s des institutions libyennes l\u00e9gitimes et soutiendra les efforts internationaux visant \u00e0 r\u00e9soudre la crise que traverse ce pays du Maghreb, dans le cadre de ce qui a \u00e9t\u00e9 convenu entre les diff\u00e9rentes parties libyennes, notamment la tenue des \u00e9lections \u00e0 leur date pr\u00e9vue, a affirm\u00e9, jeudi \u00e0 Rabat, le ministre des Affaires \u00e9trang\u00e8res, de la Coop\u00e9ration africaine et des Marocains r\u00e9sidant \u00e0 l\u2019\u00e9tranger, Nasser Bourita.<\/strong><\/p>\n<p>\u00ab\u00a0Le Maroc consid\u00e8re que l\u2019organisation des \u00e9lections doit \u00eatre l\u2019objectif principal de la prochaine \u00e9tape en Libye\u00a0\u00bb, a soulign\u00e9 M. Bourita dans une d\u00e9claration \u00e0 la presse \u00e0 l\u2019issue de ses entretiens avec le pr\u00e9sident de la Chambre des repr\u00e9sentants libyenne, Aguila Saleh, mettant l\u2019accent sur la n\u00e9cessit\u00e9 de l\u2019adh\u00e9sion de toutes les institutions libyennes aux pr\u00e9paratifs de ces \u00e9ch\u00e9ances pour qu\u2019elles puissent se d\u00e9rouler dans les meilleures conditions.<\/p>\n<p>Le Maroc, a-t-il ajout\u00e9, est en contact permanent avec toutes les institutions libyennes, y compris la Chambre des repr\u00e9sentants en tant qu\u2019institution cl\u00e9 dans le processus de pr\u00e9paration des \u00e9lections en Libye (l\u00e9gislatives et pr\u00e9sidentielle), qui devront permettre aux Libyens d\u2019\u00e9lire les institutions qui les repr\u00e9sentent.<\/p>\n<p>Pour sa part, M. Saleh a affirm\u00e9 que le Maroc joue un r\u00f4le central dans le processus de r\u00e8glement de la crise libyenne, ajoutant que \u00ab\u00a0le Royaume nous accompagne au quotidien et est en contact permanent avec nous pour atteindre cet objectif\u00a0\u00bb.<\/p>\n<p>Il a salu\u00e9, \u00e0 cet \u00e9gard, le r\u00f4le majeur jou\u00e9 par le Maroc dans ce dossier, sous la conduite de SM le Roi Mohammed VI, se f\u00e9licitant des positions historiques du Royaume et de son soutien en vue de la concr\u00e9tisation de la volont\u00e9 du peuple libyen pour la tenue des \u00e9lections pr\u00e9sidentielle et l\u00e9gislatives. M. Aguila a, en outre, soulign\u00e9 la n\u00e9cessit\u00e9 de tenir ces \u00e9lections \u00e0 leur date pr\u00e9vue (24 d\u00e9cembre), sous la supervision de la communaut\u00e9 internationale, tout en veillant \u00e0 ce que ces scrutins soient honn\u00eates, notant que toutes les mesures ont \u00e9t\u00e9 prises en pr\u00e9vision de ces \u00e9ch\u00e9ances.<\/p>\n<p>\u00ab\u00a0Il n\u2019est de solution \u00e0 la crise libyenne que d\u2019organiser des \u00e9lections l\u00e9gislatives et pr\u00e9sidentielle honn\u00eates qui donneront lieu \u00e0 des institutions ayant le soutien de tous les Libyens et qui \u0153uvreront \u00e0 la r\u00e9conciliation et \u00e0 l\u2019unification des institutions de l\u2019\u00c9tat\u00a0\u00bb, a-t-il insist\u00e9.<\/p>\n<p>\u00ab\u00a0Nous comptons beaucoup sur le r\u00f4le et le soutien du Maroc pour tenir ces \u00e9ch\u00e9ances \u00e0 leur date pr\u00e9vue et permettre au peuple libyen de choisir ses repr\u00e9sentants avec transparence et honn\u00eatet\u00e9\u00a0\u00bb, a conclu M. Saleh.<\/p>\n<p>L\u2019article <a rel=\"nofollow\" href=\"http:\/\/albayane.press.ma\/le-maroc-sera-toujours-aux-cotes-des-institutions-libyennes-legitimes.html\">Le Maroc sera toujours aux c\u00f4t\u00e9s des institutions libyennes l\u00e9gitimes<\/a> est apparu en premier sur <a rel=\"nofollow\" href=\"http:\/\/albayane.press.ma\/\">ALBAYANE<\/a>.<\/p>\n<\/div>\n<p>Auteur: M&rsquo;hammed rahal<br \/>\n<a href=\"http:\/\/albayane.press.ma\/le-maroc-sera-toujours-aux-cotes-des-institutions-libyennes-legitimes.html\">Cliquez ici pour lire l&rsquo;article depuis sa source.<\/a><\/p>\n","protected":false},"excerpt":{"rendered":"<p>Bourita s\u2019entretient avec Aguila Saleh Le Royaume du Maroc, conform\u00e9ment aux Hautes Instructions de SM le Roi Mohammed VI, se tiendra toujours aux c\u00f4t\u00e9s des institutions libyennes l\u00e9gitimes et soutiendra les efforts internationaux visant \u00e0 r\u00e9soudre la crise que traverse ce pays du Maghreb, dans le cadre de ce qui a \u00e9t\u00e9 convenu entre les [&hellip;]<\/p>\n","protected":false},"author":1760,"featured_media":0,"comment_status":"closed","ping_status":"closed","sticky":false,"template":"","format":"standard","meta":{"fifu_image_url":"","fifu_image_alt":"","footnotes":""},"categories":[73,54],"tags":[],"class_list":["post-119656","post","type-post","status-publish","format-standard","hentry","category-actualite","category-maroc"],"_links":{"self":[{"href":"https:\/\/linitiative.ca\/International\/wp-json\/wp\/v2\/posts\/119656","targetHints":{"allow":["GET"]}}],"collection":[{"href":"https:\/\/linitiative.ca\/International\/wp-json\/wp\/v2\/posts"}],"about":[{"href":"https:\/\/linitiative.ca\/International\/wp-json\/wp\/v2\/types\/post"}],"author":[{"embeddable":true,"href":"https:\/\/linitiative.ca\/International\/wp-json\/wp\/v2\/users\/1760"}],"replies":[{"embeddable":true,"href":"https:\/\/linitiative.ca\/International\/wp-json\/wp\/v2\/comments?post=119656"}],"version-history":[{"count":0,"href":"https:\/\/linitiative.ca\/International\/wp-json\/wp\/v2\/posts\/119656\/revisions"}],"wp:attachment":[{"href":"https:\/\/linitiative.ca\/International\/wp-json\/wp\/v2\/media?parent=119656"}],"wp:term":[{"taxonomy":"category","embeddable":true,"href":"https:\/\/linitiative.ca\/International\/wp-json\/wp\/v2\/categories?post=119656"},{"taxonomy":"post_tag","embeddable":true,"href":"https:\/\/linitiative.ca\/International\/wp-json\/wp\/v2\/tags?post=119656"}],"curies":[{"name":"wp","href":"https:\/\/api.w.org\/{rel}","templated":true}]}}