{"id":119659,"date":"2021-06-27T05:30:00","date_gmt":"2021-06-27T09:30:00","guid":{"rendered":"https:\/\/linitiative.ca\/International\/faut-il-un-1ernovembre-economique\/"},"modified":"2021-06-27T05:30:00","modified_gmt":"2021-06-27T09:30:00","slug":"faut-il-un-1ernovembre-economique","status":"publish","type":"post","link":"https:\/\/linitiative.ca\/International\/faut-il-un-1ernovembre-economique\/","title":{"rendered":"FAUT-IL UN 1erNOVEMBRE \u00c9CONOMIQUE ?"},"content":{"rendered":"<div>Il est temps que l\u2019on d\u00e9finisse en toute transparence la place de la rente des hydrocarbures dans notre politique \u00e9conomique en perspective de l\u2019ouverture de l\u2019Alg\u00e9rie sur le monde \u00e9conomique, car la nouvelle \u00e9conomie est celle d\u2019un monde globalis\u00e9.<\/div>\n<p>Auteur:<br \/>\n<a href=\"https:\/\/www.liberte-algerie.com\/contribution\/faut-il-un-1ernovembre-economique-360964\">Cliquez ici pour lire l&rsquo;article depuis sa source.<\/a><\/p>\n","protected":false},"excerpt":{"rendered":"<p>Il est temps que l\u2019on d\u00e9finisse en toute transparence la place de la rente des hydrocarbures dans notre politique \u00e9conomique en perspective de l\u2019ouverture de l\u2019Alg\u00e9rie sur le monde \u00e9conomique, car la nouvelle \u00e9conomie est celle d\u2019un monde globalis\u00e9. Auteur: Cliquez ici pour lire l&rsquo;article depuis sa source.<\/p>\n","protected":false},"author":1742,"featured_media":0,"comment_status":"closed","ping_status":"closed","sticky":false,"template":"","format":"standard","meta":{"fifu_image_url":"","fifu_image_alt":"","footnotes":""},"categories":[73,53],"tags":[],"class_list":["post-119659","post","type-post","status-publish","format-standard","hentry","category-actualite","category-algerie"],"_links":{"self":[{"href":"https:\/\/linitiative.ca\/International\/wp-json\/wp\/v2\/posts\/119659","targetHints":{"allow":["GET"]}}],"collection":[{"href":"https:\/\/linitiative.ca\/International\/wp-json\/wp\/v2\/posts"}],"about":[{"href":"https:\/\/linitiative.ca\/International\/wp-json\/wp\/v2\/types\/post"}],"author":[{"embeddable":true,"href":"https:\/\/linitiative.ca\/International\/wp-json\/wp\/v2\/users\/1742"}],"replies":[{"embeddable":true,"href":"https:\/\/linitiative.ca\/International\/wp-json\/wp\/v2\/comments?post=119659"}],"version-history":[{"count":0,"href":"https:\/\/linitiative.ca\/International\/wp-json\/wp\/v2\/posts\/119659\/revisions"}],"wp:attachment":[{"href":"https:\/\/linitiative.ca\/International\/wp-json\/wp\/v2\/media?parent=119659"}],"wp:term":[{"taxonomy":"category","embeddable":true,"href":"https:\/\/linitiative.ca\/International\/wp-json\/wp\/v2\/categories?post=119659"},{"taxonomy":"post_tag","embeddable":true,"href":"https:\/\/linitiative.ca\/International\/wp-json\/wp\/v2\/tags?post=119659"}],"curies":[{"name":"wp","href":"https:\/\/api.w.org\/{rel}","templated":true}]}}