{"id":119660,"date":"2021-06-27T05:30:00","date_gmt":"2021-06-27T09:30:00","guid":{"rendered":"https:\/\/linitiative.ca\/International\/un-voyage-au-bout-de-lenfer\/"},"modified":"2021-06-27T05:30:00","modified_gmt":"2021-06-27T09:30:00","slug":"un-voyage-au-bout-de-lenfer","status":"publish","type":"post","link":"https:\/\/linitiative.ca\/International\/un-voyage-au-bout-de-lenfer\/","title":{"rendered":"Un voyage au bout de l\u2019enfer"},"content":{"rendered":"<div>Ce premier long m\u00e9trage d\u2019Amin Sidi Boumediene est un thriller psychologique, dont le propos ne retrace pas les massacres barbares perp\u00e9tr\u00e9s durant la d\u00e9cennie noire, mais les traumas subis par les victimes.<\/div>\n<p>Auteur:<br \/>\n<a href=\"https:\/\/www.liberte-algerie.com\/culture\/un-voyage-au-bout-de-lenfer-360963\">Cliquez ici pour lire l&rsquo;article depuis sa source.<\/a><\/p>\n","protected":false},"excerpt":{"rendered":"<p>Ce premier long m\u00e9trage d\u2019Amin Sidi Boumediene est un thriller psychologique, dont le propos ne retrace pas les massacres barbares perp\u00e9tr\u00e9s durant la d\u00e9cennie noire, mais les traumas subis par les victimes. Auteur: Cliquez ici pour lire l&rsquo;article depuis sa source.<\/p>\n","protected":false},"author":1742,"featured_media":0,"comment_status":"closed","ping_status":"closed","sticky":false,"template":"","format":"standard","meta":{"fifu_image_url":"","fifu_image_alt":"","footnotes":""},"categories":[73,53],"tags":[],"class_list":["post-119660","post","type-post","status-publish","format-standard","hentry","category-actualite","category-algerie"],"_links":{"self":[{"href":"https:\/\/linitiative.ca\/International\/wp-json\/wp\/v2\/posts\/119660","targetHints":{"allow":["GET"]}}],"collection":[{"href":"https:\/\/linitiative.ca\/International\/wp-json\/wp\/v2\/posts"}],"about":[{"href":"https:\/\/linitiative.ca\/International\/wp-json\/wp\/v2\/types\/post"}],"author":[{"embeddable":true,"href":"https:\/\/linitiative.ca\/International\/wp-json\/wp\/v2\/users\/1742"}],"replies":[{"embeddable":true,"href":"https:\/\/linitiative.ca\/International\/wp-json\/wp\/v2\/comments?post=119660"}],"version-history":[{"count":0,"href":"https:\/\/linitiative.ca\/International\/wp-json\/wp\/v2\/posts\/119660\/revisions"}],"wp:attachment":[{"href":"https:\/\/linitiative.ca\/International\/wp-json\/wp\/v2\/media?parent=119660"}],"wp:term":[{"taxonomy":"category","embeddable":true,"href":"https:\/\/linitiative.ca\/International\/wp-json\/wp\/v2\/categories?post=119660"},{"taxonomy":"post_tag","embeddable":true,"href":"https:\/\/linitiative.ca\/International\/wp-json\/wp\/v2\/tags?post=119660"}],"curies":[{"name":"wp","href":"https:\/\/api.w.org\/{rel}","templated":true}]}}