{"id":119661,"date":"2021-06-27T05:30:00","date_gmt":"2021-06-27T09:30:00","guid":{"rendered":"https:\/\/linitiative.ca\/International\/les-dz-a-dubai-premiere-tele-realite-algerienne\/"},"modified":"2021-06-27T05:30:00","modified_gmt":"2021-06-27T09:30:00","slug":"les-dz-a-dubai-premiere-tele-realite-algerienne","status":"publish","type":"post","link":"https:\/\/linitiative.ca\/International\/les-dz-a-dubai-premiere-tele-realite-algerienne\/","title":{"rendered":"\u201cLes DZ \u00e0 Duba\u00ef\u201d, premi\u00e8re t\u00e9l\u00e9 r\u00e9alit\u00e9 alg\u00e9rienne"},"content":{"rendered":"<div>La premi\u00e8re t\u00e9l\u00e9-r\u00e9alit\u00e9 alg\u00e9rienne d\u00e9barque enfin sur le petit \u00e9cran ! Depuis quelques semaines, Les DZ \u00e0 Duba\u00ef a suscit\u00e9 des interrogations et d\u00e9bats de la part des internautes sur la qualit\u00e9 de ce programme,<\/div>\n<p>Auteur:<br \/>\n<a href=\"https:\/\/www.liberte-algerie.com\/culture\/les-dz-a-dubai-premiere-tele-realite-algerienne-360962\">Cliquez ici pour lire l&rsquo;article depuis sa source.<\/a><\/p>\n","protected":false},"excerpt":{"rendered":"<p>La premi\u00e8re t\u00e9l\u00e9-r\u00e9alit\u00e9 alg\u00e9rienne d\u00e9barque enfin sur le petit \u00e9cran ! Depuis quelques semaines, Les DZ \u00e0 Duba\u00ef a suscit\u00e9 des interrogations et d\u00e9bats de la part des internautes sur la qualit\u00e9 de ce programme, Auteur: Cliquez ici pour lire l&rsquo;article depuis sa source.<\/p>\n","protected":false},"author":1742,"featured_media":0,"comment_status":"closed","ping_status":"closed","sticky":false,"template":"","format":"standard","meta":{"fifu_image_url":"","fifu_image_alt":"","footnotes":""},"categories":[73,53],"tags":[],"class_list":["post-119661","post","type-post","status-publish","format-standard","hentry","category-actualite","category-algerie"],"_links":{"self":[{"href":"https:\/\/linitiative.ca\/International\/wp-json\/wp\/v2\/posts\/119661","targetHints":{"allow":["GET"]}}],"collection":[{"href":"https:\/\/linitiative.ca\/International\/wp-json\/wp\/v2\/posts"}],"about":[{"href":"https:\/\/linitiative.ca\/International\/wp-json\/wp\/v2\/types\/post"}],"author":[{"embeddable":true,"href":"https:\/\/linitiative.ca\/International\/wp-json\/wp\/v2\/users\/1742"}],"replies":[{"embeddable":true,"href":"https:\/\/linitiative.ca\/International\/wp-json\/wp\/v2\/comments?post=119661"}],"version-history":[{"count":0,"href":"https:\/\/linitiative.ca\/International\/wp-json\/wp\/v2\/posts\/119661\/revisions"}],"wp:attachment":[{"href":"https:\/\/linitiative.ca\/International\/wp-json\/wp\/v2\/media?parent=119661"}],"wp:term":[{"taxonomy":"category","embeddable":true,"href":"https:\/\/linitiative.ca\/International\/wp-json\/wp\/v2\/categories?post=119661"},{"taxonomy":"post_tag","embeddable":true,"href":"https:\/\/linitiative.ca\/International\/wp-json\/wp\/v2\/tags?post=119661"}],"curies":[{"name":"wp","href":"https:\/\/api.w.org\/{rel}","templated":true}]}}