{"id":119662,"date":"2021-06-27T05:30:00","date_gmt":"2021-06-27T09:30:00","guid":{"rendered":"https:\/\/linitiative.ca\/International\/aux-rythmes-soufis-et-metissage-greco-andalou\/"},"modified":"2021-06-27T05:30:00","modified_gmt":"2021-06-27T09:30:00","slug":"aux-rythmes-soufis-et-metissage-greco-andalou","status":"publish","type":"post","link":"https:\/\/linitiative.ca\/International\/aux-rythmes-soufis-et-metissage-greco-andalou\/","title":{"rendered":"Aux rythmes soufis et m\u00e9tissage gr\u00e9co-andalou"},"content":{"rendered":"<div>La brillante artiste du style andalou, Lamia Ait Amara, accompagn\u00e9e de la troupe Ahellil Baba de Timimoun, ont anim\u00e9 vendredi au Th\u00e9\u00e2tre national alg\u00e9rien (TNA) Mahieddine-Bachtarzi,<\/div>\n<p>Auteur:<br \/>\n<a href=\"https:\/\/www.liberte-algerie.com\/culture\/aux-rythmes-soufis-et-metissage-greco-andalou-360961\">Cliquez ici pour lire l&rsquo;article depuis sa source.<\/a><\/p>\n","protected":false},"excerpt":{"rendered":"<p>La brillante artiste du style andalou, Lamia Ait Amara, accompagn\u00e9e de la troupe Ahellil Baba de Timimoun, ont anim\u00e9 vendredi au Th\u00e9\u00e2tre national alg\u00e9rien (TNA) Mahieddine-Bachtarzi, Auteur: Cliquez ici pour lire l&rsquo;article depuis sa source.<\/p>\n","protected":false},"author":1742,"featured_media":0,"comment_status":"closed","ping_status":"closed","sticky":false,"template":"","format":"standard","meta":{"fifu_image_url":"","fifu_image_alt":"","footnotes":""},"categories":[73,53],"tags":[],"class_list":["post-119662","post","type-post","status-publish","format-standard","hentry","category-actualite","category-algerie"],"_links":{"self":[{"href":"https:\/\/linitiative.ca\/International\/wp-json\/wp\/v2\/posts\/119662","targetHints":{"allow":["GET"]}}],"collection":[{"href":"https:\/\/linitiative.ca\/International\/wp-json\/wp\/v2\/posts"}],"about":[{"href":"https:\/\/linitiative.ca\/International\/wp-json\/wp\/v2\/types\/post"}],"author":[{"embeddable":true,"href":"https:\/\/linitiative.ca\/International\/wp-json\/wp\/v2\/users\/1742"}],"replies":[{"embeddable":true,"href":"https:\/\/linitiative.ca\/International\/wp-json\/wp\/v2\/comments?post=119662"}],"version-history":[{"count":0,"href":"https:\/\/linitiative.ca\/International\/wp-json\/wp\/v2\/posts\/119662\/revisions"}],"wp:attachment":[{"href":"https:\/\/linitiative.ca\/International\/wp-json\/wp\/v2\/media?parent=119662"}],"wp:term":[{"taxonomy":"category","embeddable":true,"href":"https:\/\/linitiative.ca\/International\/wp-json\/wp\/v2\/categories?post=119662"},{"taxonomy":"post_tag","embeddable":true,"href":"https:\/\/linitiative.ca\/International\/wp-json\/wp\/v2\/tags?post=119662"}],"curies":[{"name":"wp","href":"https:\/\/api.w.org\/{rel}","templated":true}]}}