{"id":119663,"date":"2021-06-27T05:30:00","date_gmt":"2021-06-27T09:30:00","guid":{"rendered":"https:\/\/linitiative.ca\/International\/sortir\/"},"modified":"2021-06-27T05:30:00","modified_gmt":"2021-06-27T09:30:00","slug":"sortir","status":"publish","type":"post","link":"https:\/\/linitiative.ca\/International\/sortir\/","title":{"rendered":"&#8230;SORTIR&#8230;"},"content":{"rendered":"<div>PROGRAMME DU 21e FESTIVAL EUROP\u00c9EN<br \/>\nCette \u00e9dition aura lieu du 24 juin au 2 juillet au TNA \u00e0 partir de 19h. Billet \u00e0 300 DA.<\/div>\n<p>Auteur:<br \/>\n<a href=\"https:\/\/www.liberte-algerie.com\/culture\/sortir-360960\">Cliquez ici pour lire l&rsquo;article depuis sa source.<\/a><\/p>\n","protected":false},"excerpt":{"rendered":"<p>PROGRAMME DU 21e FESTIVAL EUROP\u00c9EN Cette \u00e9dition aura lieu du 24 juin au 2 juillet au TNA \u00e0 partir de 19h. Billet \u00e0 300 DA. Auteur: Cliquez ici pour lire l&rsquo;article depuis sa source.<\/p>\n","protected":false},"author":1742,"featured_media":0,"comment_status":"closed","ping_status":"closed","sticky":false,"template":"","format":"standard","meta":{"fifu_image_url":"","fifu_image_alt":"","footnotes":""},"categories":[73,53],"tags":[],"class_list":["post-119663","post","type-post","status-publish","format-standard","hentry","category-actualite","category-algerie"],"_links":{"self":[{"href":"https:\/\/linitiative.ca\/International\/wp-json\/wp\/v2\/posts\/119663","targetHints":{"allow":["GET"]}}],"collection":[{"href":"https:\/\/linitiative.ca\/International\/wp-json\/wp\/v2\/posts"}],"about":[{"href":"https:\/\/linitiative.ca\/International\/wp-json\/wp\/v2\/types\/post"}],"author":[{"embeddable":true,"href":"https:\/\/linitiative.ca\/International\/wp-json\/wp\/v2\/users\/1742"}],"replies":[{"embeddable":true,"href":"https:\/\/linitiative.ca\/International\/wp-json\/wp\/v2\/comments?post=119663"}],"version-history":[{"count":0,"href":"https:\/\/linitiative.ca\/International\/wp-json\/wp\/v2\/posts\/119663\/revisions"}],"wp:attachment":[{"href":"https:\/\/linitiative.ca\/International\/wp-json\/wp\/v2\/media?parent=119663"}],"wp:term":[{"taxonomy":"category","embeddable":true,"href":"https:\/\/linitiative.ca\/International\/wp-json\/wp\/v2\/categories?post=119663"},{"taxonomy":"post_tag","embeddable":true,"href":"https:\/\/linitiative.ca\/International\/wp-json\/wp\/v2\/tags?post=119663"}],"curies":[{"name":"wp","href":"https:\/\/api.w.org\/{rel}","templated":true}]}}