{"id":119664,"date":"2021-06-26T17:03:42","date_gmt":"2021-06-26T21:03:42","guid":{"rendered":"https:\/\/linitiative.ca\/International\/493-nouveaux-cas-plus-de-88-millions-completement-vaccines\/"},"modified":"2021-06-26T17:03:42","modified_gmt":"2021-06-26T21:03:42","slug":"493-nouveaux-cas-plus-de-88-millions-completement-vaccines","status":"publish","type":"post","link":"https:\/\/linitiative.ca\/International\/493-nouveaux-cas-plus-de-88-millions-completement-vaccines\/","title":{"rendered":"493 nouveaux cas, plus de 8,8 millions compl\u00e8tement vaccin\u00e9s"},"content":{"rendered":"<div>\n<div style=\"margin-bottom:20px;\"><img loading=\"lazy\" decoding=\"async\" width=\"750\" height=\"430\" src=\"https:\/\/linitiative.ca\/International\/wp-content\/uploads\/sites\/23\/2021\/06\/bilan-fr-13.jpg\" class=\"attachment-post-thumbnail size-post-thumbnail wp-post-image\" alt=\"\" srcset=\"https:\/\/linitiative.ca\/International\/wp-content\/uploads\/sites\/23\/2021\/06\/bilan-fr-13.jpg 750w, http:\/\/www.mapmarrakech.ma\/map\/uploads\/2021\/06\/bilan-fr-13-300x172.jpg 300w\" sizes=\"auto, (max-width: 750px) 100vw, 750px\"><\/div>\n<p>Au total 493 nouveaux cas d\u2019infection au nouveau coronavirus et 326 gu\u00e9risons ont \u00e9t\u00e9 enregistr\u00e9s au Maroc au cours des derni\u00e8res 24 heures, a indiqu\u00e9 samedi le minist\u00e8re de la Sant\u00e9.<\/p>\n<p align=\"justify\">Le nombre de personnes ayant re\u00e7u la premi\u00e8re dose du vaccin est de 9.822.096, tandis que celui des personnes compl\u00e8tement vaccin\u00e9es (1\u00e8re et 2\u00e8me doses) s\u2019\u00e9l\u00e8ve \u00e0 8.822.967, a pr\u00e9cis\u00e9 le minist\u00e8re dans son bulletin quotidien sur la situation de la Covid-19.<\/p>\n<p align=\"justify\">Quant au nombre total des d\u00e9c\u00e8s, il est pass\u00e9 \u00e0 9.273 avec 5 nouveaux cas enregistr\u00e9s dans les r\u00e9gions de Rabat-Sal\u00e9-K\u00e9nitra (3), Tanger-T\u00e9touan-Al Hoceima (1) et Casablanca-Settat (1).<\/p>\n<p align=\"justify\">Les nouveaux cas de contamination ont \u00e9t\u00e9 recens\u00e9s dans les r\u00e9gions de Casablanca-Settat (230), Marrakech-Safi (61), Rabat-Sal\u00e9-K\u00e9nitra (59), Tanger-T\u00e9touan-Al Hoceima (44), Souss-Massa (40), F\u00e8s-Mekn\u00e8s (18), La\u00e2youne-Sakia El Hamra (14), Dakhla-Oued Eddahab (7), Dar\u00e2a-Tafilalet (6), Guelmim-Oued Noun (6), l\u2019Oriental (4) et B\u00e9ni Mellal- Kh\u00e9nifra (4).<\/p>\n<p align=\"justify\">Les cas actifs sont au nombre de 4.088. Les cas s\u00e9v\u00e8res ou critiques ont atteint 216, dont 5 plac\u00e9s sous intubation et 113 sous ventilation non invasive.<\/p>\n<p>The post <a rel=\"nofollow\" href=\"http:\/\/www.mapmarrakech.ma\/fr\/493-nouveaux-cas-plus-de-88-millions-completement-vaccines\/\">493 nouveaux cas, plus de 8,8 millions compl\u00e8tement vaccin\u00e9s<\/a> appeared first on <a rel=\"nofollow\" href=\"http:\/\/www.mapmarrakech.ma\/fr\">MapMarrakech<\/a>.<\/p>\n<\/div>\n<p>Auteur: Meriem IGASS<br \/>\n<a href=\"http:\/\/www.mapmarrakech.ma\/fr\/493-nouveaux-cas-plus-de-88-millions-completement-vaccines\/\">Cliquez ici pour lire l&rsquo;article depuis sa source.<\/a><\/p>\n","protected":false},"excerpt":{"rendered":"<p>Au total 493 nouveaux cas d\u2019infection au nouveau coronavirus et 326 gu\u00e9risons ont \u00e9t\u00e9 enregistr\u00e9s au Maroc au cours des derni\u00e8res 24 heures, a indiqu\u00e9 samedi le minist\u00e8re de la Sant\u00e9. Le nombre de personnes ayant re\u00e7u la premi\u00e8re dose du vaccin est de 9.822.096, tandis que celui des personnes compl\u00e8tement vaccin\u00e9es (1\u00e8re et 2\u00e8me [&hellip;]<\/p>\n","protected":false},"author":1788,"featured_media":0,"comment_status":"closed","ping_status":"closed","sticky":false,"template":"","format":"standard","meta":{"fifu_image_url":"http:\/\/www.mapmarrakech.ma\/map\/uploads\/2021\/06\/bilan-fr-13.jpg","fifu_image_alt":"493 nouveaux cas, plus de 8,8 millions compl\u00e8tement vaccin\u00e9s","footnotes":""},"categories":[54,76],"tags":[],"class_list":["post-119664","post","type-post","status-publish","format-standard","hentry","category-maroc","category-regions"],"_links":{"self":[{"href":"https:\/\/linitiative.ca\/International\/wp-json\/wp\/v2\/posts\/119664","targetHints":{"allow":["GET"]}}],"collection":[{"href":"https:\/\/linitiative.ca\/International\/wp-json\/wp\/v2\/posts"}],"about":[{"href":"https:\/\/linitiative.ca\/International\/wp-json\/wp\/v2\/types\/post"}],"author":[{"embeddable":true,"href":"https:\/\/linitiative.ca\/International\/wp-json\/wp\/v2\/users\/1788"}],"replies":[{"embeddable":true,"href":"https:\/\/linitiative.ca\/International\/wp-json\/wp\/v2\/comments?post=119664"}],"version-history":[{"count":0,"href":"https:\/\/linitiative.ca\/International\/wp-json\/wp\/v2\/posts\/119664\/revisions"}],"wp:attachment":[{"href":"https:\/\/linitiative.ca\/International\/wp-json\/wp\/v2\/media?parent=119664"}],"wp:term":[{"taxonomy":"category","embeddable":true,"href":"https:\/\/linitiative.ca\/International\/wp-json\/wp\/v2\/categories?post=119664"},{"taxonomy":"post_tag","embeddable":true,"href":"https:\/\/linitiative.ca\/International\/wp-json\/wp\/v2\/tags?post=119664"}],"curies":[{"name":"wp","href":"https:\/\/api.w.org\/{rel}","templated":true}]}}