{"id":119666,"date":"2021-06-26T22:16:48","date_gmt":"2021-06-27T02:16:48","guid":{"rendered":"https:\/\/linitiative.ca\/International\/appel-a-la-lutte-contre-les-disparites-sociales-et-territoriales\/"},"modified":"2021-06-26T22:16:48","modified_gmt":"2021-06-27T02:16:48","slug":"appel-a-la-lutte-contre-les-disparites-sociales-et-territoriales","status":"publish","type":"post","link":"https:\/\/linitiative.ca\/International\/appel-a-la-lutte-contre-les-disparites-sociales-et-territoriales\/","title":{"rendered":"Appel \u00e0 la lutte contre les disparit\u00e9s sociales et territoriales"},"content":{"rendered":"<div>\n<div style=\"margin-bottom:20px;\"><img loading=\"lazy\" decoding=\"async\" width=\"750\" height=\"430\" src=\"https:\/\/linitiative.ca\/International\/wp-content\/uploads\/sites\/23\/2021\/06\/droitd-de-lhomme-copier.jpg\" class=\"attachment-post-thumbnail size-post-thumbnail wp-post-image\" alt=\"\" srcset=\"https:\/\/linitiative.ca\/International\/wp-content\/uploads\/sites\/23\/2021\/06\/droitd-de-lhomme-copier.jpg 750w, http:\/\/www.mapmarrakech.ma\/map\/uploads\/2021\/06\/droitd-de-lhomme-copier-300x172.jpg 300w\" sizes=\"auto, (max-width: 750px) 100vw, 750px\"><\/div>\n<p>Dans leurs recommandations, les participants \u00e0 cette rencontre, initi\u00e9e par la Commission R\u00e9gionale des Droits de l\u2019Homme (CRDH) de Marrakech-Safi, en partenariat avec la Commission permanente charg\u00e9e de la promotion de la culture des droits de l\u2019Homme et de la consolidation de la construction d\u00e9mocratique au CNDH et la CRDH de Souss-Massa, ont appel\u00e9 \u00e0 la r\u00e9habilitation de l\u2019Etat social, notamment apr\u00e8s la crise sanitaire induite par la Covid-19, et \u00e0 la r\u00e9orientation des fonds publics vers les priorit\u00e9s du d\u00e9veloppement, tout en adoptant une approche fond\u00e9e sur les droits de l\u2019Homme.<\/p>\n<p>Ils ont aussi insist\u00e9 sur l\u2019importance de la pr\u00e9servation de la m\u00e9moire et de la promotion de tous les affluents de l\u2019histoire marocaine en vue de surmonter les obstacles qui freinent le d\u00e9veloppement du Royaume, soulignant la n\u00e9cessit\u00e9 de la conception d\u2019une approche holistique de l\u2019effectivit\u00e9 des droits et libert\u00e9s.<\/p>\n<p>L\u2019accent a \u00e9t\u00e9 \u00e9galement mis sur la n\u00e9cessit\u00e9 d\u2019\u00e9laborer un texte contraignant sur le droit au d\u00e9veloppement, qui permettra d\u2019adopter une approche globale d\u00e9di\u00e9e aux politiques et programmes concernant tous les droits humains en tant que syst\u00e8me universel et int\u00e9gr\u00e9, notamment \u00e0 travers la consolidation de tout rapport entre d\u00e9veloppement et droits de l\u2019Homme.<\/p>\n<p>Les participants ont, en outre, indiqu\u00e9 que l\u2019int\u00e9r\u00eat accord\u00e9 au pluralisme culturel renforce le sentiment d\u2019appartenance, ce qui contribuera positivement \u00e0 la r\u00e9ussite de toute strat\u00e9gie de d\u00e9veloppement, soulignant l\u2019importance de tirer profit du patrimoine culturel marocain, riche et diversifi\u00e9, afin d\u2019investir dans la r\u00e9alisation du d\u00e9veloppement escompt\u00e9.<\/p>\n<p>Ils ont, enfin, insist\u00e9 sur l\u2019importance d\u2019accorder plus d\u2019int\u00e9r\u00eat \u00e0 l\u2019industrie et \u00e0 l\u2019\u00e9conomie culturelles pour cr\u00e9er la richesse et r\u00e9aliser le d\u00e9veloppement souhait\u00e9, mettant l\u2019accent sur le r\u00f4le qui incombe \u00e0 la soci\u00e9t\u00e9 civile pour plaider en faveur de la mise en \u0153uvre optimale des Objectifs du D\u00e9veloppement Durable (ODD).<\/p>\n<p>Par ailleurs, le pr\u00e9sident de la CRDH de Souss-Massa, M. Mohamed Charef, qui s\u2019exprimait en cl\u00f4ture de cette rencontre, a affirm\u00e9 que le Maroc a connu un tournant majeur en mati\u00e8re de d\u00e9veloppement et de droits humains, notant que ce s\u00e9minaire a permis d\u2019engager la r\u00e9flexion et de renforcer le dialogue sur des questions fondamentales et complexes li\u00e9es au d\u00e9veloppement et aux droits de l\u2019Homme, qui n\u00e9cessitent une analyse et une collecte de donn\u00e9es pour aboutir \u00e0 des r\u00e9ponses appropri\u00e9es en phase avec toutes les \u00e9tapes d\u2019\u00e9laboration des politiques publiques.<\/p>\n<p>Cette rencontre s\u2019inscrivait dans le cadre de la mise en oeuvre du programme de promotion de la culture des droits humains, mis en place par la CRDH de Marrakech-Safi, en application des attributions du CNDH, en tant qu\u2019institution nationale charg\u00e9e d\u2019enrichir et de promouvoir la culture des droits de l\u2019Homme et d\u2019approfondir le d\u00e9bat public autour de ce sujet d\u2019une importance strat\u00e9gique.<\/p>\n<p>Au menu de ce s\u00e9minaire, figuraient cinq sessions ax\u00e9es sur \u00ab\u00a0Le r\u00e9f\u00e9rentiel international et national du droit au d\u00e9veloppement\u00a0\u00bb, \u00ab\u00a0Les dimensions multiples et int\u00e9gr\u00e9es du d\u00e9veloppement\u00a0\u00bb, \u00ab\u00a0Les droits de la femme et le genre social\u00a0\u00bb, \u00ab\u00a0Les droits de l\u2019Homme et le d\u00e9veloppement \u00e9cologique et durable\u00a0\u00bb, et \u00ab\u00a0Des t\u00e9moignages des meilleures exp\u00e9riences dans le domaine du d\u00e9veloppement\u00a0\u00bb.<\/p>\n<p>The post <a rel=\"nofollow\" href=\"http:\/\/www.mapmarrakech.ma\/fr\/appel-a-la-lutte-contre-les-disparites-sociales-et-territoriales\/\">Appel \u00e0 la lutte contre les disparit\u00e9s sociales et territoriales<\/a> appeared first on <a rel=\"nofollow\" href=\"http:\/\/www.mapmarrakech.ma\/fr\">MapMarrakech<\/a>.<\/p>\n<\/div>\n<p>Auteur: Meriem IGASS<br \/>\n<a href=\"http:\/\/www.mapmarrakech.ma\/fr\/appel-a-la-lutte-contre-les-disparites-sociales-et-territoriales\/\">Cliquez ici pour lire l&rsquo;article depuis sa source.<\/a><\/p>\n","protected":false},"excerpt":{"rendered":"<p>Dans leurs recommandations, les participants \u00e0 cette rencontre, initi\u00e9e par la Commission R\u00e9gionale des Droits de l\u2019Homme (CRDH) de Marrakech-Safi, en partenariat avec la Commission permanente charg\u00e9e de la promotion de la culture des droits de l\u2019Homme et de la consolidation de la construction d\u00e9mocratique au CNDH et la CRDH de Souss-Massa, ont appel\u00e9 \u00e0 [&hellip;]<\/p>\n","protected":false},"author":1788,"featured_media":0,"comment_status":"closed","ping_status":"closed","sticky":false,"template":"","format":"standard","meta":{"fifu_image_url":"http:\/\/www.mapmarrakech.ma\/map\/uploads\/2021\/06\/droitd-de-lhomme-copier.jpg","fifu_image_alt":"Appel \u00e0 la lutte contre les disparit\u00e9s sociales et territoriales","footnotes":""},"categories":[54,76],"tags":[],"class_list":["post-119666","post","type-post","status-publish","format-standard","hentry","category-maroc","category-regions"],"_links":{"self":[{"href":"https:\/\/linitiative.ca\/International\/wp-json\/wp\/v2\/posts\/119666","targetHints":{"allow":["GET"]}}],"collection":[{"href":"https:\/\/linitiative.ca\/International\/wp-json\/wp\/v2\/posts"}],"about":[{"href":"https:\/\/linitiative.ca\/International\/wp-json\/wp\/v2\/types\/post"}],"author":[{"embeddable":true,"href":"https:\/\/linitiative.ca\/International\/wp-json\/wp\/v2\/users\/1788"}],"replies":[{"embeddable":true,"href":"https:\/\/linitiative.ca\/International\/wp-json\/wp\/v2\/comments?post=119666"}],"version-history":[{"count":0,"href":"https:\/\/linitiative.ca\/International\/wp-json\/wp\/v2\/posts\/119666\/revisions"}],"wp:attachment":[{"href":"https:\/\/linitiative.ca\/International\/wp-json\/wp\/v2\/media?parent=119666"}],"wp:term":[{"taxonomy":"category","embeddable":true,"href":"https:\/\/linitiative.ca\/International\/wp-json\/wp\/v2\/categories?post=119666"},{"taxonomy":"post_tag","embeddable":true,"href":"https:\/\/linitiative.ca\/International\/wp-json\/wp\/v2\/tags?post=119666"}],"curies":[{"name":"wp","href":"https:\/\/api.w.org\/{rel}","templated":true}]}}