{"id":119668,"date":"2021-06-27T08:29:34","date_gmt":"2021-06-27T12:29:34","guid":{"rendered":"https:\/\/linitiative.ca\/International\/presentation-dun-ouvrage-collectif-sur-les-provinces-du-sud\/"},"modified":"2021-06-27T08:29:34","modified_gmt":"2021-06-27T12:29:34","slug":"presentation-dun-ouvrage-collectif-sur-les-provinces-du-sud","status":"publish","type":"post","link":"https:\/\/linitiative.ca\/International\/presentation-dun-ouvrage-collectif-sur-les-provinces-du-sud\/","title":{"rendered":"Pr\u00e9sentation d\u2019un ouvrage collectif sur les provinces du Sud"},"content":{"rendered":"<div>\n<div style=\"margin-bottom:20px;\"><img loading=\"lazy\" decoding=\"async\" width=\"750\" height=\"430\" src=\"https:\/\/linitiative.ca\/International\/wp-content\/uploads\/sites\/23\/2021\/06\/Couverture-du-livre.jpg\" class=\"attachment-post-thumbnail size-post-thumbnail wp-post-image\" alt=\"\" srcset=\"https:\/\/linitiative.ca\/International\/wp-content\/uploads\/sites\/23\/2021\/06\/Couverture-du-livre.jpg 750w, http:\/\/www.mapmarrakech.ma\/map\/uploads\/2021\/06\/Couverture-du-livre-300x172.jpg 300w\" sizes=\"auto, (max-width: 750px) 100vw, 750px\"><\/div>\n<p>Cet ouvrage, dont la coordination a \u00e9t\u00e9 confi\u00e9e aux chercheurs Abdellah Bounaaj, Ahmed Bouhkou et Youssef Erakay, est un projet con\u00e7u par le centre Namaa des \u00e9tudes et des recherches sur le Sahara, en partenariat et en coordination avec le Laboratoire de g\u00e9omorphologie, environnement et la soci\u00e9t\u00e9 (LGES) relevant de la Facult\u00e9 des Lettres et des Sciences humaines de Marrakech.<\/p>\n<p>Pr\u00e9sentant ce livre, Dr. Abderrahim Benali, doyen de la Facult\u00e9 des Lettres et des Sciences humaines de Marrakech, a indiqu\u00e9 que les diff\u00e9rentes contributions des chercheurs se sont bas\u00e9es sur les recensements g\u00e9n\u00e9raux de la population et de l\u2019habitat, notamment ceux de 1982, 1994, 2004 et 2014 publi\u00e9s \u00e0 une large \u00e9chelle par le Haut Commissariat au Plan (HCP).<\/p>\n<p>Dr. Benali, qui est aussi l\u2019auteur du pr\u00e9ambule de ce livre collectif, a soulign\u00e9 que le recours \u00e0 ces recensements permet de comprendre et d\u2019expliquer les \u00e9volutions profondes qu\u2019ont connues les provinces du Sud du Royaume et leurs p\u00f4les urbains notamment, aux niveaux d\u00e9mographique et socio\u00e9conomique depuis leur r\u00e9cup\u00e9ration et leur retour \u00e0 la m\u00e8re patrie.<\/p>\n<p>Les chercheurs qui ont contribu\u00e9 dans cet ouvrage ont recouru aussi aux diff\u00e9rents recherches, rapports administratifs et monographies, cartes topographiques mais \u00e9galement, rencontr\u00e9 la population et la soci\u00e9t\u00e9 civile afin de comprendre ces \u00e9volutions et d\u2019analyser les sp\u00e9cificit\u00e9s des provinces du sud du Maroc et connaitre de tr\u00e8s pr\u00e8s leurs populations.<\/p>\n<p>Et de relever que les approches adopt\u00e9es par les chercheurs dans ce livre allient, de mani\u00e8re intelligente, les donn\u00e9es et la mati\u00e8re historiques, l\u2019approche g\u00e9ographique, l\u2019analyse descriptive, et la m\u00e9thodologie d\u00e9ductive et inductive dans le traitement des mutations survenues dans l\u2019environnement et la soci\u00e9t\u00e9 de la zone Sud du Royaume.<\/p>\n<p>Ces diff\u00e9rents points de vue s\u2019entrecroisent et s\u2019enchev\u00eatrent pour raconter l\u2019histoire d\u2019une r\u00e9gion qui aspire \u00e0 se positionner aux niveaux national et international \u00e0 la lumi\u00e8re de la r\u00e9gionalisation avanc\u00e9e, un processus qui s\u2019av\u00e8re un choix strat\u00e9gique et une feuille de route pour le traitement de toutes les probl\u00e9matiques et le d\u00e9veloppement dans les provinces du Sud du Royaume, a-t-il insist\u00e9.<\/p>\n<p>Dans ce contexte, Dr. Benali, a soulign\u00e9 que le tissu social de ces provinces est caract\u00e9ris\u00e9 par des transformations dues \u00e0 l\u2019exode rural, \u00e0 l\u2019urbanisation galopante et au m\u00e9tissage entre les groupements humaines dans un contexte marqu\u00e9 par la modernit\u00e9. \u00ab\u00a0C\u2019est une r\u00e9gion vivant une dynamique effective et constante\u00a0\u00bb, a-t-il fait remarquer.<\/p>\n<p>Cet ouvrage tente donc, de rapprocher le lecteur de ces sp\u00e9cificit\u00e9s afin de comprendre la r\u00e9alit\u00e9 de ces provinces, connaitre leurs potentialit\u00e9s, et identifier leurs contraintes, et leur avenir sous souverainet\u00e9 marocaine, ce qui permettra de relever les d\u00e9fis et de r\u00e9aliser un d\u00e9veloppement territorial garantissant la stabilit\u00e9 et la vie digne aux populations de cette zone du Royaume.<\/p>\n<p>The post <a rel=\"nofollow\" href=\"http:\/\/www.mapmarrakech.ma\/fr\/presentation-dun-ouvrage-collectif-sur-les-provinces-du-sud-du-royaume\/\">Pr\u00e9sentation d\u2019un ouvrage collectif sur les provinces du Sud<\/a> appeared first on <a rel=\"nofollow\" href=\"http:\/\/www.mapmarrakech.ma\/fr\">MapMarrakech<\/a>.<\/p>\n<\/div>\n<p>Auteur: Meriem IGASS<br \/>\n<a href=\"http:\/\/www.mapmarrakech.ma\/fr\/presentation-dun-ouvrage-collectif-sur-les-provinces-du-sud-du-royaume\/\">Cliquez ici pour lire l&rsquo;article depuis sa source.<\/a><\/p>\n","protected":false},"excerpt":{"rendered":"<p>Cet ouvrage, dont la coordination a \u00e9t\u00e9 confi\u00e9e aux chercheurs Abdellah Bounaaj, Ahmed Bouhkou et Youssef Erakay, est un projet con\u00e7u par le centre Namaa des \u00e9tudes et des recherches sur le Sahara, en partenariat et en coordination avec le Laboratoire de g\u00e9omorphologie, environnement et la soci\u00e9t\u00e9 (LGES) relevant de la Facult\u00e9 des Lettres et [&hellip;]<\/p>\n","protected":false},"author":1788,"featured_media":0,"comment_status":"closed","ping_status":"closed","sticky":false,"template":"","format":"standard","meta":{"fifu_image_url":"http:\/\/www.mapmarrakech.ma\/map\/uploads\/2021\/06\/Couverture-du-livre.jpg","fifu_image_alt":"Pr\u00e9sentation d\u2019un ouvrage collectif sur les provinces du Sud","footnotes":""},"categories":[54,76],"tags":[],"class_list":["post-119668","post","type-post","status-publish","format-standard","hentry","category-maroc","category-regions"],"_links":{"self":[{"href":"https:\/\/linitiative.ca\/International\/wp-json\/wp\/v2\/posts\/119668","targetHints":{"allow":["GET"]}}],"collection":[{"href":"https:\/\/linitiative.ca\/International\/wp-json\/wp\/v2\/posts"}],"about":[{"href":"https:\/\/linitiative.ca\/International\/wp-json\/wp\/v2\/types\/post"}],"author":[{"embeddable":true,"href":"https:\/\/linitiative.ca\/International\/wp-json\/wp\/v2\/users\/1788"}],"replies":[{"embeddable":true,"href":"https:\/\/linitiative.ca\/International\/wp-json\/wp\/v2\/comments?post=119668"}],"version-history":[{"count":0,"href":"https:\/\/linitiative.ca\/International\/wp-json\/wp\/v2\/posts\/119668\/revisions"}],"wp:attachment":[{"href":"https:\/\/linitiative.ca\/International\/wp-json\/wp\/v2\/media?parent=119668"}],"wp:term":[{"taxonomy":"category","embeddable":true,"href":"https:\/\/linitiative.ca\/International\/wp-json\/wp\/v2\/categories?post=119668"},{"taxonomy":"post_tag","embeddable":true,"href":"https:\/\/linitiative.ca\/International\/wp-json\/wp\/v2\/tags?post=119668"}],"curies":[{"name":"wp","href":"https:\/\/api.w.org\/{rel}","templated":true}]}}