{"id":119671,"date":"2021-06-27T10:26:51","date_gmt":"2021-06-27T14:26:51","guid":{"rendered":"https:\/\/linitiative.ca\/International\/reforme-fiscale-eep-le-conseil-de-gouvernement-se-reunit-ce-dimanche\/"},"modified":"2021-06-27T10:26:51","modified_gmt":"2021-06-27T14:26:51","slug":"reforme-fiscale-eep-le-conseil-de-gouvernement-se-reunit-ce-dimanche","status":"publish","type":"post","link":"https:\/\/linitiative.ca\/International\/reforme-fiscale-eep-le-conseil-de-gouvernement-se-reunit-ce-dimanche\/","title":{"rendered":"R\u00e9forme fiscale\/ EEP: Le Conseil de gouvernement se r\u00e9unit ce dimanche"},"content":{"rendered":"<div>\n<div class=\"field field-name-body field-type-text-with-summary field-label-hidden\">\n<div class=\"field-items\">\n<div class=\"field-item even\" property=\"content:encoded\">\n<p class=\"rtejustify\">Un Conseil de gouvernement se tient ce dimanche sous la pr\u00e9sidence du Chef du gouvernement Saad-Eddine El Othmani. Le conseil doit examiner deux projets de loi-cadre,\u00a0le premier portant sur\u00a0la r\u00e9forme fiscale et le second sur la r\u00e9forme des \u00e9tablissements et entreprises publics (EEP), selon le d\u00e9partement du Chef du gouvernement.<\/p>\n<\/div>\n<\/div>\n<\/div>\n<\/div>\n<p>Auteur: hgueye<br \/>\n<a href=\"https:\/\/www.leconomiste.com\/flash-infos\/reforme-fiscale-eep-le-conseil-de-gouvernement-se-reunit-ce-dimanche\">Cliquez ici pour lire l&rsquo;article depuis sa source.<\/a><\/p>\n","protected":false},"excerpt":{"rendered":"<p>Un Conseil de gouvernement se tient ce dimanche sous la pr\u00e9sidence du Chef du gouvernement Saad-Eddine El Othmani. Le conseil doit examiner deux projets de loi-cadre,\u00a0le premier portant sur\u00a0la r\u00e9forme fiscale et le second sur la r\u00e9forme des \u00e9tablissements et entreprises publics (EEP), selon le d\u00e9partement du Chef du gouvernement. Auteur: hgueye Cliquez ici pour [&hellip;]<\/p>\n","protected":false},"author":1763,"featured_media":0,"comment_status":"closed","ping_status":"closed","sticky":false,"template":"","format":"standard","meta":{"fifu_image_url":"","fifu_image_alt":"","footnotes":""},"categories":[78,54],"tags":[],"class_list":["post-119671","post","type-post","status-publish","format-standard","hentry","category-economie","category-maroc"],"_links":{"self":[{"href":"https:\/\/linitiative.ca\/International\/wp-json\/wp\/v2\/posts\/119671","targetHints":{"allow":["GET"]}}],"collection":[{"href":"https:\/\/linitiative.ca\/International\/wp-json\/wp\/v2\/posts"}],"about":[{"href":"https:\/\/linitiative.ca\/International\/wp-json\/wp\/v2\/types\/post"}],"author":[{"embeddable":true,"href":"https:\/\/linitiative.ca\/International\/wp-json\/wp\/v2\/users\/1763"}],"replies":[{"embeddable":true,"href":"https:\/\/linitiative.ca\/International\/wp-json\/wp\/v2\/comments?post=119671"}],"version-history":[{"count":0,"href":"https:\/\/linitiative.ca\/International\/wp-json\/wp\/v2\/posts\/119671\/revisions"}],"wp:attachment":[{"href":"https:\/\/linitiative.ca\/International\/wp-json\/wp\/v2\/media?parent=119671"}],"wp:term":[{"taxonomy":"category","embeddable":true,"href":"https:\/\/linitiative.ca\/International\/wp-json\/wp\/v2\/categories?post=119671"},{"taxonomy":"post_tag","embeddable":true,"href":"https:\/\/linitiative.ca\/International\/wp-json\/wp\/v2\/tags?post=119671"}],"curies":[{"name":"wp","href":"https:\/\/api.w.org\/{rel}","templated":true}]}}