{"id":119682,"date":"2021-06-27T09:59:36","date_gmt":"2021-06-27T13:59:36","guid":{"rendered":"https:\/\/linitiative.ca\/International\/formation-du-nouveau-gouvernement-tebboune-recoit-le-president-du-msp-et-le-sg-du-rnd\/"},"modified":"2021-06-27T09:59:36","modified_gmt":"2021-06-27T13:59:36","slug":"formation-du-nouveau-gouvernement-tebboune-recoit-le-president-du-msp-et-le-sg-du-rnd","status":"publish","type":"post","link":"https:\/\/linitiative.ca\/International\/formation-du-nouveau-gouvernement-tebboune-recoit-le-president-du-msp-et-le-sg-du-rnd\/","title":{"rendered":"Formation du nouveau Gouvernement : Tebboune re\u00e7oit le pr\u00e9sident du MSP et le SG du RND"},"content":{"rendered":"<div>\n<div class=\"sriret\"><img decoding=\"async\" src=\"https:\/\/linitiative.ca\/International\/wp-content\/uploads\/sites\/23\/2021\/06\/default-picture-709x366_c-7.jpg\"><\/div>\n<p><strong><em>Le Pr\u00e9sident de la R\u00e9publique, M. Abdelmadjid Tebboune a re\u00e7u dimanche 27 juin le pr\u00e9sident du Mouvement de la soci\u00e9t\u00e9 pour la paix (MSP), Abdrezzak Makri et le secr\u00e9taire g\u00e9n\u00e9ral du Rassemblement national d\u00e9mocratique (RND), Tayeb Zitouni et ce, dans le cadre des consultations politiques \u00e9largies pour la formation du Gouvernement, a indiqu\u00e9 un communiqu\u00e9 de la pr\u00e9sidence de la R\u00e9publique.<\/em> <\/strong><\/p>\n<p>\u00ab\u00a0Dans le cadre des consultations politiques \u00e9largies pour la formation du Gouvernement, le Pr\u00e9sident de la R\u00e9publique, M. Abdelmadjid Tebboune a re\u00e7u M. Abdrezzak Makri, pr\u00e9sident du MSP \u00e0 la t\u00eate d\u2019une d\u00e9l\u00e9gation de dirigeants du parti, et M. Tayeb Zitouni, SG du RND accompagn\u00e9 de membres du Bureau national du parti\u00a0\u00bb, pr\u00e9cise le communique.<\/p>\n<p>L\u2019audience s\u2019est d\u00e9roul\u00e9e en pr\u00e9sence de Noureddine Bardad-Daidj, directeur de cabinet \u00e0 la Pr\u00e9sidence de la R\u00e9publique, Mohamed El Amine Messaid, secr\u00e9taire g\u00e9n\u00e9ral de la Pr\u00e9sidence de la R\u00e9publique, et Boualem Boualem, conseiller aupr\u00e8s du pr\u00e9sident de la R\u00e9publique charg\u00e9 des affaires juridiques et judiciaires.<\/p>\n<p style=\"text-align: right;\"><strong><em>APS<\/em><\/strong><\/p>\n<p>L\u2019article <a rel=\"nofollow\" href=\"https:\/\/www.elwatan.com\/edition\/actualite\/formation-du-nouveau-gouvernement-tebboune-recoit-le-president-du-msp-et-le-sg-du-rnd-27-06-2021\">Formation du nouveau Gouvernement : Tebboune re\u00e7oit le pr\u00e9sident du MSP et le SG du RND<\/a> est apparu en premier sur <a rel=\"nofollow\" href=\"https:\/\/www.elwatan.com\/\">El Watan<\/a>.<\/p>\n<\/div>\n<p>Auteur: Mohand Yahiaoui<br \/>\n<a href=\"https:\/\/www.elwatan.com\/edition\/actualite\/formation-du-nouveau-gouvernement-tebboune-recoit-le-president-du-msp-et-le-sg-du-rnd-27-06-2021\">Cliquez ici pour lire l&rsquo;article depuis sa source.<\/a><\/p>\n","protected":false},"excerpt":{"rendered":"<p>Le Pr\u00e9sident de la R\u00e9publique, M. Abdelmadjid Tebboune a re\u00e7u dimanche 27 juin le pr\u00e9sident du Mouvement de la soci\u00e9t\u00e9 pour la paix (MSP), Abdrezzak Makri et le secr\u00e9taire g\u00e9n\u00e9ral du Rassemblement national d\u00e9mocratique (RND), Tayeb Zitouni et ce, dans le cadre des consultations politiques \u00e9largies pour la formation du Gouvernement, a indiqu\u00e9 un communiqu\u00e9 [&hellip;]<\/p>\n","protected":false},"author":1743,"featured_media":0,"comment_status":"closed","ping_status":"closed","sticky":false,"template":"","format":"standard","meta":{"fifu_image_url":"https:\/\/www.elwatan.com\/wp-content\/themes\/spectr\/img\/default-picture-709x366_c.jpg","fifu_image_alt":"Formation du nouveau Gouvernement : Tebboune re\u00e7oit le pr\u00e9sident du MSP et le SG du RND","footnotes":""},"categories":[73,53],"tags":[],"class_list":["post-119682","post","type-post","status-publish","format-standard","hentry","category-actualite","category-algerie"],"_links":{"self":[{"href":"https:\/\/linitiative.ca\/International\/wp-json\/wp\/v2\/posts\/119682","targetHints":{"allow":["GET"]}}],"collection":[{"href":"https:\/\/linitiative.ca\/International\/wp-json\/wp\/v2\/posts"}],"about":[{"href":"https:\/\/linitiative.ca\/International\/wp-json\/wp\/v2\/types\/post"}],"author":[{"embeddable":true,"href":"https:\/\/linitiative.ca\/International\/wp-json\/wp\/v2\/users\/1743"}],"replies":[{"embeddable":true,"href":"https:\/\/linitiative.ca\/International\/wp-json\/wp\/v2\/comments?post=119682"}],"version-history":[{"count":0,"href":"https:\/\/linitiative.ca\/International\/wp-json\/wp\/v2\/posts\/119682\/revisions"}],"wp:attachment":[{"href":"https:\/\/linitiative.ca\/International\/wp-json\/wp\/v2\/media?parent=119682"}],"wp:term":[{"taxonomy":"category","embeddable":true,"href":"https:\/\/linitiative.ca\/International\/wp-json\/wp\/v2\/categories?post=119682"},{"taxonomy":"post_tag","embeddable":true,"href":"https:\/\/linitiative.ca\/International\/wp-json\/wp\/v2\/tags?post=119682"}],"curies":[{"name":"wp","href":"https:\/\/api.w.org\/{rel}","templated":true}]}}