{"id":119684,"date":"2021-06-27T10:05:50","date_gmt":"2021-06-27T14:05:50","guid":{"rendered":"https:\/\/linitiative.ca\/International\/bechar-deces-de-cinq-personnes-gravement-brulees-a-linterieur-dun-conteneur\/"},"modified":"2021-06-27T10:05:50","modified_gmt":"2021-06-27T14:05:50","slug":"bechar-deces-de-cinq-personnes-gravement-brulees-a-linterieur-dun-conteneur","status":"publish","type":"post","link":"https:\/\/linitiative.ca\/International\/bechar-deces-de-cinq-personnes-gravement-brulees-a-linterieur-dun-conteneur\/","title":{"rendered":"Bechar : D\u00e9c\u00e8s de cinq personnes gravement brul\u00e9es \u00e0 l\u2019int\u00e9rieur d\u2019un conteneur"},"content":{"rendered":"<div>\n<div class=\"sriret\"><img decoding=\"async\" src=\"https:\/\/linitiative.ca\/International\/wp-content\/uploads\/sites\/23\/2021\/06\/default-picture-709x366_c-8.jpg\"><\/div>\n<p><strong><em>Cinq (5) personnes, gravement brul\u00e9es lors de l\u2019incendie qui s\u2019\u00e9tait d\u00e9clar\u00e9 il y a une dizaine de jours \u00e0 Bechar \u00e0 l\u2019int\u00e9rieur du conteneur d\u2019un camion de livraison de denr\u00e9es alimentaires, sont d\u00e9c\u00e9d\u00e9es \u00e0 l\u2019unit\u00e9 des grands brul\u00e9s de l\u2019\u00e9tablissement hospitalier universitaire d\u2019Oran, a-t-on appris dimanche aupr\u00e8s de la direction de la Sant\u00e9 et de la Population de Bechar.<\/em> <\/strong><\/p>\n<p>\u00ab\u00a0Les victimes de ce d\u00e9plorable accident, qui ont \u00e9t\u00e9 \u00e9vacu\u00e9es en urgence vers l\u2019unit\u00e9 sp\u00e9cialis\u00e9e en soins des grands brul\u00e9s \u00e0 Oran, sont toutes d\u00e9c\u00e9d\u00e9es \u00e0 la suite des graves br\u00fblures (3\u00e8me degr\u00e9), apr\u00e8s avoir \u00e9t\u00e9 prises en charge durant plusieurs jours par les sp\u00e9cialistes de cette m\u00eame structure m\u00e9dicale sp\u00e9cialis\u00e9e\u2019\u2019, a pr\u00e9cis\u00e9 le responsable du service de pr\u00e9vention m\u00e9dicale et de la communication \u00e0 la DSP, Brahim Benabderrahmane.<\/p>\n<p>Avant leur \u00e9vacuation et d\u00e8s leur admission au service des urgences m\u00e9dico-chirurgicales de l\u2019h\u00f4pital \u00abTourabi Boudjemaa\u00bb \u00e0 Bechar, les victimes avaient \u00e9t\u00e9 soumises \u00e0 des soins pr\u00e9liminaires par des m\u00e9decins et personnels param\u00e9dical de l\u2019h\u00f4pital\u2019\u2019, signale M.Benabderrahmane. Leur d\u00e9c\u00e8s a pour origine un incendie qui s\u2019est d\u00e9clar\u00e9 le 19 juin \u00e0 l\u2019int\u00e9rieur du conteneur d\u2019un camion de livraison de denr\u00e9es alimentaires au niveau du quartier \u2018\u2018Zaou\u00efa\u2019\u2019 au nord de Bechar.<\/p>\n<p>Le drame a caus\u00e9 le d\u00e9c\u00e8s en premier lieu d\u2019un enfant de 11 ans, mort carbonis\u00e9 dans ce grave incendie, selon la cellule de communication de la direction locale de la protection civile. Une enqu\u00eate judiciaire, sous supervision de la justice, est actuellement men\u00e9e par les \u00e9l\u00e9ments sp\u00e9cialis\u00e9s du service de police judiciaire de la suret\u00e9 de wilaya de Bechar pour faire la lumi\u00e8re sur la pr\u00e9sence des six (6) victimes dans le m\u00eame conteneur au moment du d\u00e9clenchement de l\u2019incendie et aussi connaitre les responsabilit\u00e9s p\u00e9nales et civiles tant du chauffeur du camion et de son ou ses propri\u00e9taires, a-t-on fait savoir \u00e0 la cellule de communication et d\u2019orientation de la suret\u00e9 de wilaya.<\/p>\n<p>Un v\u00e9ritable \u00e9lan de solidarit\u00e9 des habitants de Bechar avec les familles des victimes (11 \u00e0 28 ans) de ce grave accident est visible sur les r\u00e9seaux sociaux, a-t-on constat\u00e9. Des citoyens ont aussi revendiqu\u00e9 la r\u00e9alisation d\u2019une unit\u00e9 de prise en charge des grands brul\u00e9s \u00e0 Bechar, pour mettre un terme \u00e0 l\u2019\u00e9vacuation des victimes de grandes brulures \u00e0 Oran, sur une distance de 700 km.<\/p>\n<p>La contribution et l\u2019apport des citoyens du quartier \u2018\u2018Zaouia\u2019\u2019, qui ont pris part \u00e0 l\u2019op\u00e9ration de secours des victimes, a permis d\u2019\u00e9viter le pire, d\u2019autant plus que le camion de gros tonnage livrait au moment de cet accident sa marchandise dans une rue bond\u00e9e de passants et marqu\u00e9e par une activit\u00e9 commerciale intense.<\/p>\n<p style=\"text-align: right;\"><strong><em>APS<\/em><\/strong><\/p>\n<p>L\u2019article <a rel=\"nofollow\" href=\"https:\/\/www.elwatan.com\/edition\/actualite\/bechar-deces-de-cinq-personnes-gravement-brulees-a-linterieur-dun-conteneur-27-06-2021\">Bechar : D\u00e9c\u00e8s de cinq personnes gravement brul\u00e9es \u00e0 l\u2019int\u00e9rieur d\u2019un conteneur<\/a> est apparu en premier sur <a rel=\"nofollow\" href=\"https:\/\/www.elwatan.com\/\">El Watan<\/a>.<\/p>\n<\/div>\n<p>Auteur: Mohand Yahiaoui<br \/>\n<a href=\"https:\/\/www.elwatan.com\/edition\/actualite\/bechar-deces-de-cinq-personnes-gravement-brulees-a-linterieur-dun-conteneur-27-06-2021\">Cliquez ici pour lire l&rsquo;article depuis sa source.<\/a><\/p>\n","protected":false},"excerpt":{"rendered":"<p>Cinq (5) personnes, gravement brul\u00e9es lors de l\u2019incendie qui s\u2019\u00e9tait d\u00e9clar\u00e9 il y a une dizaine de jours \u00e0 Bechar \u00e0 l\u2019int\u00e9rieur du conteneur d\u2019un camion de livraison de denr\u00e9es alimentaires, sont d\u00e9c\u00e9d\u00e9es \u00e0 l\u2019unit\u00e9 des grands brul\u00e9s de l\u2019\u00e9tablissement hospitalier universitaire d\u2019Oran, a-t-on appris dimanche aupr\u00e8s de la direction de la Sant\u00e9 et de [&hellip;]<\/p>\n","protected":false},"author":1743,"featured_media":0,"comment_status":"closed","ping_status":"closed","sticky":false,"template":"","format":"standard","meta":{"fifu_image_url":"https:\/\/www.elwatan.com\/wp-content\/themes\/spectr\/img\/default-picture-709x366_c.jpg","fifu_image_alt":"Bechar : D\u00e9c\u00e8s de cinq personnes gravement brul\u00e9es \u00e0 l\u2019int\u00e9rieur d\u2019un conteneur","footnotes":""},"categories":[73,53],"tags":[],"class_list":["post-119684","post","type-post","status-publish","format-standard","hentry","category-actualite","category-algerie"],"_links":{"self":[{"href":"https:\/\/linitiative.ca\/International\/wp-json\/wp\/v2\/posts\/119684","targetHints":{"allow":["GET"]}}],"collection":[{"href":"https:\/\/linitiative.ca\/International\/wp-json\/wp\/v2\/posts"}],"about":[{"href":"https:\/\/linitiative.ca\/International\/wp-json\/wp\/v2\/types\/post"}],"author":[{"embeddable":true,"href":"https:\/\/linitiative.ca\/International\/wp-json\/wp\/v2\/users\/1743"}],"replies":[{"embeddable":true,"href":"https:\/\/linitiative.ca\/International\/wp-json\/wp\/v2\/comments?post=119684"}],"version-history":[{"count":0,"href":"https:\/\/linitiative.ca\/International\/wp-json\/wp\/v2\/posts\/119684\/revisions"}],"wp:attachment":[{"href":"https:\/\/linitiative.ca\/International\/wp-json\/wp\/v2\/media?parent=119684"}],"wp:term":[{"taxonomy":"category","embeddable":true,"href":"https:\/\/linitiative.ca\/International\/wp-json\/wp\/v2\/categories?post=119684"},{"taxonomy":"post_tag","embeddable":true,"href":"https:\/\/linitiative.ca\/International\/wp-json\/wp\/v2\/tags?post=119684"}],"curies":[{"name":"wp","href":"https:\/\/api.w.org\/{rel}","templated":true}]}}