{"id":119686,"date":"2021-06-27T10:10:09","date_gmt":"2021-06-27T14:10:09","guid":{"rendered":"https:\/\/linitiative.ca\/International\/incendie-a-lentree-du-port-dalger-aucune-perte-selon-la-protection-civile\/"},"modified":"2021-06-27T10:10:09","modified_gmt":"2021-06-27T14:10:09","slug":"incendie-a-lentree-du-port-dalger-aucune-perte-selon-la-protection-civile","status":"publish","type":"post","link":"https:\/\/linitiative.ca\/International\/incendie-a-lentree-du-port-dalger-aucune-perte-selon-la-protection-civile\/","title":{"rendered":"Incendie \u00e0 l\u2019entr\u00e9e du Port d\u2019Alger : aucune perte, selon la Protection civile"},"content":{"rendered":"<div>\n<div class=\"sriret\"><img loading=\"lazy\" decoding=\"async\" width=\"512\" height=\"289\" src=\"https:\/\/linitiative.ca\/International\/wp-content\/uploads\/sites\/23\/2021\/06\/incendie-maitrise-sur-un-cargo-au-port-dalger-epal.jpeg\" class=\"attachment-featured_large size-featured_large wp-post-image\" alt=\"\" style=\"margin-bottom: 15px;\" srcset=\"https:\/\/linitiative.ca\/International\/wp-content\/uploads\/sites\/23\/2021\/06\/incendie-maitrise-sur-un-cargo-au-port-dalger-epal.jpeg 512w, https:\/\/www.elwatan.com\/wp-content\/uploads\/2021\/06\/incendie-maitrise-sur-un-cargo-au-port-dalger-epal-300x169.jpeg 300w\" sizes=\"auto, (max-width: 512px) 100vw, 512px\"><\/div>\n<p><strong><em>Un incendie s\u2019est d\u00e9clar\u00e9, dimanche 27 juin, \u00e0 l\u2019entr\u00e9e du Port d\u2019Alger dans la commune de Mohamed Belouizdad, apr\u00e8s que le feu ait pris dans une flaque d\u2019huile ayant entrain\u00e9 une fum\u00e9e \u00e9paisse vue par la population des cit\u00e9s proches du site de l\u2019accident, aucune perte n\u2019ayant \u00e9t\u00e9 d\u00e9plor\u00e9e, a-t-on appris de la Protection civile.<\/em><\/strong><\/p>\n<p>Dans une d\u00e9claration \u00e0 l\u2019APS, le charg\u00e9 de l\u2019information \u00e0 la Direction de wilaya de la Protection civile, le lieutenant Khaled Benkhalfallah a indiqu\u00e9 qu\u2019un incendie avait \u00e9t\u00e9 enregistr\u00e9 vers 12h40 au niveau de l\u2019entr\u00e9e du Port d\u2019Alger \u00e0 Belouizdad, apr\u00e8s que le feu ait pris dans une flaque d\u2019huile de 4 m\u00b2 ayant entrain\u00e9 une fum\u00e9e \u00e9paisse ayant attir\u00e9 l\u2019attention de la population alg\u00e9roise.<\/p>\n<p>Ainsi, les \u00e9l\u00e9ments de la Protection civile sont intervenus pour circonscrire le feu et aucune perte n\u2019a \u00e9t\u00e9 d\u00e9plor\u00e9e, souligne la m\u00eame source, ajoutant qu\u2019une enqu\u00eate a \u00e9t\u00e9 ouverte pour d\u00e9terminer les circonstances de cet incident.<\/p>\n<p style=\"text-align: right;\"><strong><em>APS<\/em><\/strong><\/p>\n<p>L\u2019article <a rel=\"nofollow\" href=\"https:\/\/www.elwatan.com\/edition\/actualite\/incendie-a-lentree-du-port-dalger-aucune-perte-selon-la-protection-civile-27-06-2021\">Incendie \u00e0 l\u2019entr\u00e9e du Port d\u2019Alger : aucune perte, selon la Protection civile<\/a> est apparu en premier sur <a rel=\"nofollow\" href=\"https:\/\/www.elwatan.com\/\">El Watan<\/a>.<\/p>\n<\/div>\n<p>Auteur: Mohand Yahiaoui<br \/>\n<a href=\"https:\/\/www.elwatan.com\/edition\/actualite\/incendie-a-lentree-du-port-dalger-aucune-perte-selon-la-protection-civile-27-06-2021\">Cliquez ici pour lire l&rsquo;article depuis sa source.<\/a><\/p>\n","protected":false},"excerpt":{"rendered":"<p>Un incendie s\u2019est d\u00e9clar\u00e9, dimanche 27 juin, \u00e0 l\u2019entr\u00e9e du Port d\u2019Alger dans la commune de Mohamed Belouizdad, apr\u00e8s que le feu ait pris dans une flaque d\u2019huile ayant entrain\u00e9 une fum\u00e9e \u00e9paisse vue par la population des cit\u00e9s proches du site de l\u2019accident, aucune perte n\u2019ayant \u00e9t\u00e9 d\u00e9plor\u00e9e, a-t-on appris de la Protection civile. [&hellip;]<\/p>\n","protected":false},"author":1743,"featured_media":0,"comment_status":"closed","ping_status":"closed","sticky":false,"template":"","format":"standard","meta":{"fifu_image_url":"https:\/\/www.elwatan.com\/wp-content\/uploads\/2021\/06\/incendie-maitrise-sur-un-cargo-au-port-dalger-epal.jpeg","fifu_image_alt":"Incendie \u00e0 l\u2019entr\u00e9e du Port d\u2019Alger : aucune perte, selon la Protection civile","footnotes":""},"categories":[73,53],"tags":[],"class_list":["post-119686","post","type-post","status-publish","format-standard","hentry","category-actualite","category-algerie"],"_links":{"self":[{"href":"https:\/\/linitiative.ca\/International\/wp-json\/wp\/v2\/posts\/119686","targetHints":{"allow":["GET"]}}],"collection":[{"href":"https:\/\/linitiative.ca\/International\/wp-json\/wp\/v2\/posts"}],"about":[{"href":"https:\/\/linitiative.ca\/International\/wp-json\/wp\/v2\/types\/post"}],"author":[{"embeddable":true,"href":"https:\/\/linitiative.ca\/International\/wp-json\/wp\/v2\/users\/1743"}],"replies":[{"embeddable":true,"href":"https:\/\/linitiative.ca\/International\/wp-json\/wp\/v2\/comments?post=119686"}],"version-history":[{"count":0,"href":"https:\/\/linitiative.ca\/International\/wp-json\/wp\/v2\/posts\/119686\/revisions"}],"wp:attachment":[{"href":"https:\/\/linitiative.ca\/International\/wp-json\/wp\/v2\/media?parent=119686"}],"wp:term":[{"taxonomy":"category","embeddable":true,"href":"https:\/\/linitiative.ca\/International\/wp-json\/wp\/v2\/categories?post=119686"},{"taxonomy":"post_tag","embeddable":true,"href":"https:\/\/linitiative.ca\/International\/wp-json\/wp\/v2\/tags?post=119686"}],"curies":[{"name":"wp","href":"https:\/\/api.w.org\/{rel}","templated":true}]}}