{"id":119688,"date":"2021-06-27T07:18:00","date_gmt":"2021-06-27T11:18:00","guid":{"rendered":"https:\/\/linitiative.ca\/International\/covid-19-la-pandemie-un-element-nouveau-de-precarite-dincertitude-et-dangoisse\/"},"modified":"2021-06-27T07:18:00","modified_gmt":"2021-06-27T11:18:00","slug":"covid-19-la-pandemie-un-element-nouveau-de-precarite-dincertitude-et-dangoisse","status":"publish","type":"post","link":"https:\/\/linitiative.ca\/International\/covid-19-la-pandemie-un-element-nouveau-de-precarite-dincertitude-et-dangoisse\/","title":{"rendered":"Covid-19 : La pand\u00e9mie un \u00e9l\u00e9ment nouveau de pr\u00e9carit\u00e9, d\u2019incertitude et d\u2019angoisse"},"content":{"rendered":"<div><img decoding=\"async\" src=\"https:\/\/linitiative.ca\/International\/wp-content\/uploads\/sites\/23\/2021\/06\/1624792302_article.jpg\" alt=\"Covid-19 : La pand\u00e9mie un \u00e9l\u00e9ment nouveau de pr\u00e9carit\u00e9, d\u2019incertitude et d\u2019angoisse \" align=\"left\">Par Samir Allal<br \/>\nLe pire n\u2019est pas s\u00fbr, l\u2019improbable est possible<br \/>\nLa pand\u00e9mie du Covid, suscitant une crise plan\u00e9taire multidimensionnelle, devient un \u00e9l\u00e9ment nouveau de r\u00e9flexion, de pr\u00e9carit\u00e9, d\u2019incertitude et d\u2019angoisse.<br \/>\nLa crise mondiale des d\u00e9mocraties, le changement climatique et l\u2019impr\u00e9vu de la pand\u00e9mie de Covid ont d\u00e9clench\u00e9 une crise sans pr\u00e9c\u00e9dent et une incertitude permanente dans laquelle nous vivons d\u00e9sormais dans le pr\u00e9sent, pour le futur imm\u00e9diat et pour le futur lointain.<br \/>\nDepuis le d\u00e9but de cette pand\u00e9mie, des intellectuels comme Bruno Latour, Edgar Morin, Barbara Stiegler, Emmanuel Todd\u2026, s\u2019expriment jour apr\u00e8s jour pour donner leur &#8230;<\/p>\n<\/div>\n<p>Auteur:<br \/>\n<a href=\"https:\/\/www.leaders.com.tn\/article\/32086-covid-19-la-pandemie-un-element-nouveau-de-precarite-d-incertitude-et-d-angoisse\">Cliquez ici pour lire l&rsquo;article depuis sa source.<\/a><\/p>\n","protected":false},"excerpt":{"rendered":"<p>Par Samir Allal Le pire n\u2019est pas s\u00fbr, l\u2019improbable est possible La pand\u00e9mie du Covid, suscitant une crise plan\u00e9taire multidimensionnelle, devient un \u00e9l\u00e9ment nouveau de r\u00e9flexion, de pr\u00e9carit\u00e9, d\u2019incertitude et d\u2019angoisse. La crise mondiale des d\u00e9mocraties, le changement climatique et l\u2019impr\u00e9vu de la pand\u00e9mie de Covid ont d\u00e9clench\u00e9 une crise sans pr\u00e9c\u00e9dent et une incertitude [&hellip;]<\/p>\n","protected":false},"author":1772,"featured_media":0,"comment_status":"closed","ping_status":"closed","sticky":false,"template":"","format":"standard","meta":{"fifu_image_url":"http:\/\/www.leaders.com.tn\/uploads\/content\/thumbnails_small\/1624792302_article.jpg","fifu_image_alt":"Covid-19 : La pand\u00e9mie un \u00e9l\u00e9ment nouveau de pr\u00e9carit\u00e9, d\u2019incertitude et d\u2019angoisse","footnotes":""},"categories":[73,55],"tags":[],"class_list":["post-119688","post","type-post","status-publish","format-standard","hentry","category-actualite","category-tunisie"],"_links":{"self":[{"href":"https:\/\/linitiative.ca\/International\/wp-json\/wp\/v2\/posts\/119688","targetHints":{"allow":["GET"]}}],"collection":[{"href":"https:\/\/linitiative.ca\/International\/wp-json\/wp\/v2\/posts"}],"about":[{"href":"https:\/\/linitiative.ca\/International\/wp-json\/wp\/v2\/types\/post"}],"author":[{"embeddable":true,"href":"https:\/\/linitiative.ca\/International\/wp-json\/wp\/v2\/users\/1772"}],"replies":[{"embeddable":true,"href":"https:\/\/linitiative.ca\/International\/wp-json\/wp\/v2\/comments?post=119688"}],"version-history":[{"count":0,"href":"https:\/\/linitiative.ca\/International\/wp-json\/wp\/v2\/posts\/119688\/revisions"}],"wp:attachment":[{"href":"https:\/\/linitiative.ca\/International\/wp-json\/wp\/v2\/media?parent=119688"}],"wp:term":[{"taxonomy":"category","embeddable":true,"href":"https:\/\/linitiative.ca\/International\/wp-json\/wp\/v2\/categories?post=119688"},{"taxonomy":"post_tag","embeddable":true,"href":"https:\/\/linitiative.ca\/International\/wp-json\/wp\/v2\/tags?post=119688"}],"curies":[{"name":"wp","href":"https:\/\/api.w.org\/{rel}","templated":true}]}}