{"id":119691,"date":"2021-06-27T06:00:00","date_gmt":"2021-06-27T10:00:00","guid":{"rendered":"https:\/\/linitiative.ca\/International\/laveu\/"},"modified":"2021-06-27T06:00:00","modified_gmt":"2021-06-27T10:00:00","slug":"laveu","status":"publish","type":"post","link":"https:\/\/linitiative.ca\/International\/laveu\/","title":{"rendered":"L&rsquo;aveu"},"content":{"rendered":"<div>Face \u00e0 la pol\u00e9mique suscit\u00e9e par le contenu du sujet de math\u00e9matiques lors des \u00e9preuves du brevet d&rsquo;enseignement moyen (BEM), le minist\u00e8re de l&rsquo;\u00e9ducation nationale avait gard\u00e9 le silence. Il vient, toutefois, de mani\u00e8re indirecte,<\/div>\n<p>Auteur:<br \/>\n<a href=\"https:\/\/www.lesoirdalgerie.com\/periscoop\/laveu-63427\">Cliquez ici pour lire l&rsquo;article depuis sa source.<\/a><\/p>\n","protected":false},"excerpt":{"rendered":"<p>Face \u00e0 la pol\u00e9mique suscit\u00e9e par le contenu du sujet de math\u00e9matiques lors des \u00e9preuves du brevet d&rsquo;enseignement moyen (BEM), le minist\u00e8re de l&rsquo;\u00e9ducation nationale avait gard\u00e9 le silence. Il vient, toutefois, de mani\u00e8re indirecte, Auteur: Cliquez ici pour lire l&rsquo;article depuis sa source.<\/p>\n","protected":false},"author":1741,"featured_media":0,"comment_status":"closed","ping_status":"closed","sticky":false,"template":"","format":"standard","meta":{"fifu_image_url":"","fifu_image_alt":"","footnotes":""},"categories":[73,53],"tags":[],"class_list":["post-119691","post","type-post","status-publish","format-standard","hentry","category-actualite","category-algerie"],"_links":{"self":[{"href":"https:\/\/linitiative.ca\/International\/wp-json\/wp\/v2\/posts\/119691","targetHints":{"allow":["GET"]}}],"collection":[{"href":"https:\/\/linitiative.ca\/International\/wp-json\/wp\/v2\/posts"}],"about":[{"href":"https:\/\/linitiative.ca\/International\/wp-json\/wp\/v2\/types\/post"}],"author":[{"embeddable":true,"href":"https:\/\/linitiative.ca\/International\/wp-json\/wp\/v2\/users\/1741"}],"replies":[{"embeddable":true,"href":"https:\/\/linitiative.ca\/International\/wp-json\/wp\/v2\/comments?post=119691"}],"version-history":[{"count":0,"href":"https:\/\/linitiative.ca\/International\/wp-json\/wp\/v2\/posts\/119691\/revisions"}],"wp:attachment":[{"href":"https:\/\/linitiative.ca\/International\/wp-json\/wp\/v2\/media?parent=119691"}],"wp:term":[{"taxonomy":"category","embeddable":true,"href":"https:\/\/linitiative.ca\/International\/wp-json\/wp\/v2\/categories?post=119691"},{"taxonomy":"post_tag","embeddable":true,"href":"https:\/\/linitiative.ca\/International\/wp-json\/wp\/v2\/tags?post=119691"}],"curies":[{"name":"wp","href":"https:\/\/api.w.org\/{rel}","templated":true}]}}