{"id":119701,"date":"2021-06-27T10:39:22","date_gmt":"2021-06-27T14:39:22","guid":{"rendered":"https:\/\/linitiative.ca\/International\/le-president-du-preside-occupe-de-melilla-accuse-le-maroc-de-vouloir-grandir-pour-noyer-la-ville\/"},"modified":"2021-06-27T10:39:22","modified_gmt":"2021-06-27T14:39:22","slug":"le-president-du-preside-occupe-de-melilla-accuse-le-maroc-de-vouloir-grandir-pour-noyer-la-ville","status":"publish","type":"post","link":"https:\/\/linitiative.ca\/International\/le-president-du-preside-occupe-de-melilla-accuse-le-maroc-de-vouloir-grandir-pour-noyer-la-ville\/","title":{"rendered":"Le pr\u00e9sident du pr\u00e9side occup\u00e9 de Melilla accuse le Maroc de vouloir \u00ab grandir pour noyer \u00bb la ville"},"content":{"rendered":"<div><img decoding=\"async\" width=\"1200\" height=\"675\" src=\"https:\/\/linitiative.ca\/International\/wp-content\/uploads\/sites\/23\/2021\/06\/Eduardo-de-Castro-de-Ciudadanos.jpg\" class=\"attachment-post-thumbnail size-post-thumbnail wp-post-image\" alt=\"\" loading=\"lazy\" srcset=\"https:\/\/linitiative.ca\/International\/wp-content\/uploads\/sites\/23\/2021\/06\/Eduardo-de-Castro-de-Ciudadanos.jpg 1200w, https:\/\/www.challenge.ma\/wp-content\/uploads\/2021\/06\/Eduardo-de-Castro-de-Ciudadanos-300x169.jpg 300w, https:\/\/www.challenge.ma\/wp-content\/uploads\/2021\/06\/Eduardo-de-Castro-de-Ciudadanos-1024x576.jpg 1024w, https:\/\/www.challenge.ma\/wp-content\/uploads\/2021\/06\/Eduardo-de-Castro-de-Ciudadanos-768x432.jpg 768w, https:\/\/www.challenge.ma\/wp-content\/uploads\/2021\/06\/Eduardo-de-Castro-de-Ciudadanos-360x203.jpg 360w, https:\/\/www.challenge.ma\/wp-content\/uploads\/2021\/06\/Eduardo-de-Castro-de-Ciudadanos-750x422.jpg 750w\" sizes=\"auto, (max-width: 1200px) 100vw, 1200px\" itemprop=\"image\">Eduardo de Castro de Ciudadanos, pr\u00e9sident du pr\u00e9side occup\u00e9 de Melilla, n\u2019a pas de limites. Dans une interview avec EFE, il critique la strat\u00e9gie du Maroc envers Melilla et Sebta, qui consiste, selon lui, \u00e0 \u00ab\u00a0noyer\u00a0\u00bb ces deux villes par la construction d\u2019immenses ports dans le nord du pays ainsi<\/div>\n<p>Auteur: challenge<br \/>\n<a href=\"https:\/\/www.challenge.ma\/le-president-du-preside-occupe-de-melilla-accuse-le-maroc-de-vouloir-grandir-pour-noyer-la-ville-190196\/\">Cliquez ici pour lire l&rsquo;article depuis sa source.<\/a><\/p>\n","protected":false},"excerpt":{"rendered":"<p>Eduardo de Castro de Ciudadanos, pr\u00e9sident du pr\u00e9side occup\u00e9 de Melilla, n\u2019a pas de limites. Dans une interview avec EFE, il critique la strat\u00e9gie du Maroc envers Melilla et Sebta, qui consiste, selon lui, \u00e0 \u00ab\u00a0noyer\u00a0\u00bb ces deux villes par la construction d\u2019immenses ports dans le nord du pays ainsi Auteur: challenge Cliquez ici pour [&hellip;]<\/p>\n","protected":false},"author":1787,"featured_media":0,"comment_status":"closed","ping_status":"closed","sticky":false,"template":"","format":"standard","meta":{"fifu_image_url":"https:\/\/www.challenge.ma\/wp-content\/uploads\/2021\/06\/Eduardo-de-Castro-de-Ciudadanos.jpg","fifu_image_alt":"Le pr\u00e9sident du pr\u00e9side occup\u00e9 de Melilla accuse le Maroc de vouloir \u00ab grandir pour noyer \u00bb la ville","footnotes":""},"categories":[78,54],"tags":[],"class_list":["post-119701","post","type-post","status-publish","format-standard","hentry","category-economie","category-maroc"],"_links":{"self":[{"href":"https:\/\/linitiative.ca\/International\/wp-json\/wp\/v2\/posts\/119701","targetHints":{"allow":["GET"]}}],"collection":[{"href":"https:\/\/linitiative.ca\/International\/wp-json\/wp\/v2\/posts"}],"about":[{"href":"https:\/\/linitiative.ca\/International\/wp-json\/wp\/v2\/types\/post"}],"author":[{"embeddable":true,"href":"https:\/\/linitiative.ca\/International\/wp-json\/wp\/v2\/users\/1787"}],"replies":[{"embeddable":true,"href":"https:\/\/linitiative.ca\/International\/wp-json\/wp\/v2\/comments?post=119701"}],"version-history":[{"count":0,"href":"https:\/\/linitiative.ca\/International\/wp-json\/wp\/v2\/posts\/119701\/revisions"}],"wp:attachment":[{"href":"https:\/\/linitiative.ca\/International\/wp-json\/wp\/v2\/media?parent=119701"}],"wp:term":[{"taxonomy":"category","embeddable":true,"href":"https:\/\/linitiative.ca\/International\/wp-json\/wp\/v2\/categories?post=119701"},{"taxonomy":"post_tag","embeddable":true,"href":"https:\/\/linitiative.ca\/International\/wp-json\/wp\/v2\/tags?post=119701"}],"curies":[{"name":"wp","href":"https:\/\/api.w.org\/{rel}","templated":true}]}}