{"id":119706,"date":"2021-06-27T16:59:20","date_gmt":"2021-06-27T20:59:20","guid":{"rendered":"https:\/\/linitiative.ca\/International\/crise-socio-politique-sur-fond-dappel-a-manifester-du-cfop\/"},"modified":"2021-06-27T16:59:20","modified_gmt":"2021-06-27T20:59:20","slug":"crise-socio-politique-sur-fond-dappel-a-manifester-du-cfop","status":"publish","type":"post","link":"https:\/\/linitiative.ca\/International\/crise-socio-politique-sur-fond-dappel-a-manifester-du-cfop\/","title":{"rendered":"CRISE SOCIO-POLITIQUE SUR FOND D\u2019APPEL A MANIFESTER DU CFOP"},"content":{"rendered":"<div>\n<p><img decoding=\"async\" width=\"294\" height=\"172\" src=\"https:\/\/linitiative.ca\/International\/wp-content\/uploads\/sites\/23\/2021\/06\/CFOP.jpg\" class=\"attachment- size- wp-post-image\" alt=\"\" loading=\"lazy\" style=\"float:left; margin:0 15px 15px 0;\">Les meurtri\u00e8res attaques qui ont co\u00fbt\u00e9 la vie \u00e0 plus d\u2019une centaine de civils \u00e0 Solhan dans le Yagha et d\u2019une dizaine de policiers \u00e0 Bilbalogo dans le Sanmatenga, ont eu pour cons\u00e9quence politique imm\u00e9diate, le retrait de l\u2019Opposition du dialogue politique initi\u00e9 par le pr\u00e9sident du Faso afin de trouver des solutions communes aux \u2026<\/p>\n<p>L\u2019article <a rel=\"nofollow\" href=\"https:\/\/lepays.bf\/crise-socio-politique-sur-fond-dappel-a-manifester-du-cfop\/\">CRISE SOCIO-POLITIQUE SUR FOND D\u2019APPEL A MANIFESTER DU CFOP<\/a> est apparu en premier sur <a rel=\"nofollow\" href=\"https:\/\/lepays.bf\/\">Editions Le Pays<\/a>.<\/p>\n<\/div>\n<p>Auteur: Editions LEPAYS<br \/>\n<a href=\"https:\/\/lepays.bf\/crise-socio-politique-sur-fond-dappel-a-manifester-du-cfop\/\">Cliquez ici pour lire l&rsquo;article depuis sa source.<\/a><\/p>\n","protected":false},"excerpt":{"rendered":"<p>Les meurtri\u00e8res attaques qui ont co\u00fbt\u00e9 la vie \u00e0 plus d\u2019une centaine de civils \u00e0 Solhan dans le Yagha et d\u2019une dizaine de policiers \u00e0 Bilbalogo dans le Sanmatenga, ont eu pour cons\u00e9quence politique imm\u00e9diate, le retrait de l\u2019Opposition du dialogue politique initi\u00e9 par le pr\u00e9sident du Faso afin de trouver des solutions communes aux [&hellip;]<\/p>\n","protected":false},"author":1813,"featured_media":0,"comment_status":"closed","ping_status":"closed","sticky":false,"template":"","format":"standard","meta":{"fifu_image_url":"https:\/\/lepays.bf\/wp-content\/uploads\/2021\/06\/CFOP.jpg","fifu_image_alt":"CRISE SOCIO-POLITIQUE SUR FOND D\u2019APPEL A MANIFESTER DU CFOP","footnotes":""},"categories":[73,81],"tags":[],"class_list":["post-119706","post","type-post","status-publish","format-standard","hentry","category-actualite","category-burkina-faso"],"_links":{"self":[{"href":"https:\/\/linitiative.ca\/International\/wp-json\/wp\/v2\/posts\/119706","targetHints":{"allow":["GET"]}}],"collection":[{"href":"https:\/\/linitiative.ca\/International\/wp-json\/wp\/v2\/posts"}],"about":[{"href":"https:\/\/linitiative.ca\/International\/wp-json\/wp\/v2\/types\/post"}],"author":[{"embeddable":true,"href":"https:\/\/linitiative.ca\/International\/wp-json\/wp\/v2\/users\/1813"}],"replies":[{"embeddable":true,"href":"https:\/\/linitiative.ca\/International\/wp-json\/wp\/v2\/comments?post=119706"}],"version-history":[{"count":0,"href":"https:\/\/linitiative.ca\/International\/wp-json\/wp\/v2\/posts\/119706\/revisions"}],"wp:attachment":[{"href":"https:\/\/linitiative.ca\/International\/wp-json\/wp\/v2\/media?parent=119706"}],"wp:term":[{"taxonomy":"category","embeddable":true,"href":"https:\/\/linitiative.ca\/International\/wp-json\/wp\/v2\/categories?post=119706"},{"taxonomy":"post_tag","embeddable":true,"href":"https:\/\/linitiative.ca\/International\/wp-json\/wp\/v2\/tags?post=119706"}],"curies":[{"name":"wp","href":"https:\/\/api.w.org\/{rel}","templated":true}]}}