{"id":119708,"date":"2021-06-27T17:02:21","date_gmt":"2021-06-27T21:02:21","guid":{"rendered":"https:\/\/linitiative.ca\/International\/retour-de-laurent-gbagbo-a-mama\/"},"modified":"2021-06-27T17:02:21","modified_gmt":"2021-06-27T21:02:21","slug":"retour-de-laurent-gbagbo-a-mama","status":"publish","type":"post","link":"https:\/\/linitiative.ca\/International\/retour-de-laurent-gbagbo-a-mama\/","title":{"rendered":"RETOUR DE LAURENT GBAGBO A MAMA"},"content":{"rendered":"<div>\n<p><img decoding=\"async\" width=\"299\" height=\"168\" src=\"https:\/\/linitiative.ca\/International\/wp-content\/uploads\/sites\/23\/2021\/06\/RETOUR-G-2.jpg\" class=\"attachment- size- wp-post-image\" alt=\"\" loading=\"lazy\" style=\"float:left; margin:0 15px 15px 0;\">Dix jours apr\u00e8s son retour au pays, l\u2019ancien pr\u00e9sident ivoirien, d\u00e9finitivement acquitt\u00e9 par la Cour p\u00e9nale internationale (CPI), de crimes contre l\u2019humanit\u00e9 et crimes de guerre, a foul\u00e9 le sol de son village natal. C\u2019\u00e9tait le 27 juin dernier dans une ambiance des grands jours qui caract\u00e9rise g\u00e9n\u00e9ralement le retour de l\u2019enfant prodigue. Le Christ, \u2026<\/p>\n<p>L\u2019article <a rel=\"nofollow\" href=\"https:\/\/lepays.bf\/retour-de-laurent-gbagbo-a-mama\/\">RETOUR DE LAURENT GBAGBO A MAMA<\/a> est apparu en premier sur <a rel=\"nofollow\" href=\"https:\/\/lepays.bf\/\">Editions Le Pays<\/a>.<\/p>\n<\/div>\n<p>Auteur: Editions LEPAYS<br \/>\n<a href=\"https:\/\/lepays.bf\/retour-de-laurent-gbagbo-a-mama\/\">Cliquez ici pour lire l&rsquo;article depuis sa source.<\/a><\/p>\n","protected":false},"excerpt":{"rendered":"<p>Dix jours apr\u00e8s son retour au pays, l\u2019ancien pr\u00e9sident ivoirien, d\u00e9finitivement acquitt\u00e9 par la Cour p\u00e9nale internationale (CPI), de crimes contre l\u2019humanit\u00e9 et crimes de guerre, a foul\u00e9 le sol de son village natal. C\u2019\u00e9tait le 27 juin dernier dans une ambiance des grands jours qui caract\u00e9rise g\u00e9n\u00e9ralement le retour de l\u2019enfant prodigue. Le Christ, [&hellip;]<\/p>\n","protected":false},"author":1813,"featured_media":0,"comment_status":"closed","ping_status":"closed","sticky":false,"template":"","format":"standard","meta":{"fifu_image_url":"https:\/\/lepays.bf\/wp-content\/uploads\/2021\/06\/RETOUR-G-2.jpg","fifu_image_alt":"RETOUR DE LAURENT GBAGBO A MAMA","footnotes":""},"categories":[73,81],"tags":[],"class_list":["post-119708","post","type-post","status-publish","format-standard","hentry","category-actualite","category-burkina-faso"],"_links":{"self":[{"href":"https:\/\/linitiative.ca\/International\/wp-json\/wp\/v2\/posts\/119708","targetHints":{"allow":["GET"]}}],"collection":[{"href":"https:\/\/linitiative.ca\/International\/wp-json\/wp\/v2\/posts"}],"about":[{"href":"https:\/\/linitiative.ca\/International\/wp-json\/wp\/v2\/types\/post"}],"author":[{"embeddable":true,"href":"https:\/\/linitiative.ca\/International\/wp-json\/wp\/v2\/users\/1813"}],"replies":[{"embeddable":true,"href":"https:\/\/linitiative.ca\/International\/wp-json\/wp\/v2\/comments?post=119708"}],"version-history":[{"count":0,"href":"https:\/\/linitiative.ca\/International\/wp-json\/wp\/v2\/posts\/119708\/revisions"}],"wp:attachment":[{"href":"https:\/\/linitiative.ca\/International\/wp-json\/wp\/v2\/media?parent=119708"}],"wp:term":[{"taxonomy":"category","embeddable":true,"href":"https:\/\/linitiative.ca\/International\/wp-json\/wp\/v2\/categories?post=119708"},{"taxonomy":"post_tag","embeddable":true,"href":"https:\/\/linitiative.ca\/International\/wp-json\/wp\/v2\/tags?post=119708"}],"curies":[{"name":"wp","href":"https:\/\/api.w.org\/{rel}","templated":true}]}}