{"id":119710,"date":"2021-06-27T05:05:52","date_gmt":"2021-06-27T09:05:52","guid":{"rendered":"https:\/\/linitiative.ca\/International\/quota-de-30-de-jeunes-aux-postes-nominatifs-et-electifs-les-alumni-pypa-du-burkina-font-le-plaidoyer\/"},"modified":"2021-06-27T05:05:52","modified_gmt":"2021-06-27T09:05:52","slug":"quota-de-30-de-jeunes-aux-postes-nominatifs-et-electifs-les-alumni-pypa-du-burkina-font-le-plaidoyer","status":"publish","type":"post","link":"https:\/\/linitiative.ca\/International\/quota-de-30-de-jeunes-aux-postes-nominatifs-et-electifs-les-alumni-pypa-du-burkina-font-le-plaidoyer\/","title":{"rendered":"Quota de 30% de jeunes aux postes nominatifs et \u00e9lectifs: Les Alumni PYPA du Burkina  font le plaidoyer"},"content":{"rendered":"<div>\n<p><strong>Le bureau national du R\u00e9seau des Alumni PYPA du Burkina Faso a \u00e9t\u00e9 re\u00e7u en audience par le pr\u00e9sident du Conseil national de la Jeunesse du Burkina (CNJ\/BF), Moumouni Dialla, le mardi 22 juin 2021, au si\u00e8ge du CNJ \u00e0 Ouagadougou. Il s\u2019est agi pour les Alumni de pr\u00e9senter leur projet de plaidoyer pour l\u2019adoption d\u2019un quota de 30% de jeunes aux postes nominatifs et \u00e9lectifs et solliciter l\u2019accompagnement du CNJ.<\/strong><\/p>\n<p><strong>\u00a0<\/strong>Le r\u00e9seau des Alumni PYPA du Burkina Faso est d\u00e9termin\u00e9 \u00e0 faire aboutir son plaidoyer pour l\u2019adoption d\u2019un quota de 30% de jeunes soit 15% de femmes et autant d\u2019hommes aux postes nominatifs et \u00e9lectifs. Ainsi, le bureau multiplie les actions-terrains pour rallier les principaux acteurs \u00e0 sa cause. Pour preuve, le 17 d\u00e9cembre 2019, le r\u00e9seau a remis au pr\u00e9sident de l\u2019Assembl\u00e9e nationale, un avant-projet de loi sur le quota de 30% des jeunes dans les postes nominatifs et \u00e9lectifs.<\/p>\n<p>Actuellement, le R\u00e9seau est en pleins pr\u00e9paratifs d\u2019un atelier sur cette question. Dans ce sens, il est all\u00e9 pr\u00e9senter son projet au premier responsable du Conseil national de la jeunesse (CNJ), Moumouni Dialla et a sollicit\u00e9 le soutien du CNJ qui est la structure fa\u00eeti\u00e8re des associations de jeunes au Burkina Faso.<\/p>\n<p>Selon le Coordonnateur du r\u00e9seau des Alumni PYPA Burkina, Ivo Nab\u00e9, les \u00e9changes ont \u00e9t\u00e9 enrichissants. Pour lui, \u00e9tant donn\u00e9 que le CNJ est pr\u00e9sent dans les 13 r\u00e9gions du pays, un tel projet ne peut pas se passer de cette structure. <em>\u00ab\u00a0Il \u00e9tait important que la premi\u00e8re rencontre soit avec le Conseil national de la jeunesse afin que nous puissions \u00e9changer et demander son accompagnement, et voir dans quelle mesure, au cours de l\u2019atelier \u00e0 venir sur le quota des jeunes aux postes nominatifs et \u00e9lectifs, pour que le CNJ puisse participer pour contribuer \u00e0 l\u2019\u00e9laboration de la strat\u00e9gie de plaidoyer afin qu\u2019on puisse conduire la p\u00e9tition l\u2019ann\u00e9e prochaine\u00a0\u00bb<\/em>, a expliqu\u00e9 M. Nab\u00e9 \u00e0 sa sortie d\u2019audience.<\/p>\n<p>A l\u2019entendre, c\u2019est sans surprise que le CNJ s\u2019est engag\u00e9 \u00e0 soutenir cette initiative. <em>\u00ab\u00a0Le pr\u00e9sident du CNJ est une personne disponible et pr\u00eate pour la jeunesse. Il nous a fait des propositions et nous a encourag\u00e9. Je pense qu\u2019il va effectivement nous accompagner pour qu\u2019au-del\u00e0 de la strat\u00e9gie, l\u2019on puisse mener d\u2019autres actions pour le bonheur et la participation des jeunes \u00e0 la gouvernance de notre pays\u00a0\u00bb<\/em>, a d\u00e9clar\u00e9 Ivo Nab\u00e9.<\/p>\n<p>De son c\u00f4t\u00e9, le pr\u00e9sident du CNJ, Moumouni Dialla a salu\u00e9 cette d\u00e9marche inclusive du R\u00e9seau des Alumni PYPA du Burkina. <em>\u00ab\u00a0Le plus important pour nous aujourd\u2019hui, c\u2019est de voir comment nous pouvons conjuguer nos efforts et surtout accompagner cette dynamique.\u00a0Le CNJ\/BF entend accompagner totalement les initiatives qui visent \u00e0 la promotion des jeunes engag\u00e9s en politique\u00a0\u00bb<\/em>, a dit Moumouni Dialla. Il a soulign\u00e9 que le plaidoyer engag\u00e9 par le R\u00e9seau fait partie des prescriptions de la charte africaine de la jeunesse. Et <em>le pays des Hommes int\u00e8gres<\/em> a ratifi\u00e9 la charte de la jeunesse en 2008.<\/p>\n<p>Une position qui contraint selon ses termes tous les acteurs \u00e0 accompagner ces genres d\u2019initiatives. <em>\u00ab\u00a0Nous sommes dans l\u2019obligation, dans le devoir moral et professionnel de contribuer, d\u2019accompagner et d\u2019user de tous les moyens pour que la jeunesse engag\u00e9e en politique puisse \u00eatre \u00e0 des niveaux \u00e9lev\u00e9s pour porter la voix de la jeunesse burkinab\u00e8\u00a0\u00bb<\/em>, a assur\u00e9 le pr\u00e9sident du CNJ.<\/p>\n<p>Il a rappel\u00e9 aux acteurs politiques et autres partenaires au d\u00e9veloppement que s\u2019ils pr\u00f4nent la jeunesse comme l\u2019avenir, c\u2019est maintenant qu\u2019il faut pr\u00e9parer cet avenir. Car, a-t-il dit, si le Burkina veut bien se d\u00e9velopper et avancer, il faudra bel et bien conjuguer avec les jeunes, quel que soit le domaine.<\/p>\n<p>PYPA (Program for young politicians in Africa) est un programme novateur de renforcement de capacit\u00e9s des jeunes leaders politiques en Afrique financ\u00e9 par l\u2019Agence su\u00e9doise de coop\u00e9ration au d\u00e9veloppement international (ASDI). PYPA a \u00e9t\u00e9 cr\u00e9\u00e9 en 2012 et regroupe des jeunes Africains de 7 pays en Afrique de l\u2019Ouest \u00e2g\u00e9s de 18 \u00e0 35 ans ayant une exp\u00e9rience en politique. En 2019 et 2020, le programme a \u00e9t\u00e9 mis en \u0153uvre en C\u00f4te d\u2019Ivoire, au Burkina Faso, au Mali, au Niger, au S\u00e9n\u00e9gal et au Togo.<\/p>\n<p><strong>Gaspard BAYALA<\/strong><\/p>\n<p>L\u2019article <a rel=\"nofollow\" href=\"https:\/\/www.sidwaya.info\/blog\/2021\/06\/27\/quota-de-30-de-jeunes-aux-postes-nominatifs-et-electifs-les-alumni-pypa-du-burkina-fait-le-plaidoyer\/\">Quota de 30% de jeunes aux postes nominatifs et \u00e9lectifs: Les Alumni PYPA du Burkina  font le plaidoyer<\/a> est apparu en premier sur <a rel=\"nofollow\" href=\"https:\/\/www.sidwaya.info\/\">Quotidien Sidwaya<\/a>.<\/p>\n<\/div>\n<p>Auteur: BS. Sidwaya<br \/>\n<a href=\"https:\/\/www.sidwaya.info\/blog\/2021\/06\/27\/quota-de-30-de-jeunes-aux-postes-nominatifs-et-electifs-les-alumni-pypa-du-burkina-fait-le-plaidoyer\/\">Cliquez ici pour lire l&rsquo;article depuis sa source.<\/a><\/p>\n","protected":false},"excerpt":{"rendered":"<p>Le bureau national du R\u00e9seau des Alumni PYPA du Burkina Faso a \u00e9t\u00e9 re\u00e7u en audience par le pr\u00e9sident du Conseil national de la Jeunesse du Burkina (CNJ\/BF), Moumouni Dialla, le mardi 22 juin 2021, au si\u00e8ge du CNJ \u00e0 Ouagadougou. Il s\u2019est agi pour les Alumni de pr\u00e9senter leur projet de plaidoyer pour l\u2019adoption [&hellip;]<\/p>\n","protected":false},"author":1816,"featured_media":0,"comment_status":"closed","ping_status":"closed","sticky":false,"template":"","format":"standard","meta":{"fifu_image_url":"","fifu_image_alt":"","footnotes":""},"categories":[73,81],"tags":[],"class_list":["post-119710","post","type-post","status-publish","format-standard","hentry","category-actualite","category-burkina-faso"],"_links":{"self":[{"href":"https:\/\/linitiative.ca\/International\/wp-json\/wp\/v2\/posts\/119710","targetHints":{"allow":["GET"]}}],"collection":[{"href":"https:\/\/linitiative.ca\/International\/wp-json\/wp\/v2\/posts"}],"about":[{"href":"https:\/\/linitiative.ca\/International\/wp-json\/wp\/v2\/types\/post"}],"author":[{"embeddable":true,"href":"https:\/\/linitiative.ca\/International\/wp-json\/wp\/v2\/users\/1816"}],"replies":[{"embeddable":true,"href":"https:\/\/linitiative.ca\/International\/wp-json\/wp\/v2\/comments?post=119710"}],"version-history":[{"count":0,"href":"https:\/\/linitiative.ca\/International\/wp-json\/wp\/v2\/posts\/119710\/revisions"}],"wp:attachment":[{"href":"https:\/\/linitiative.ca\/International\/wp-json\/wp\/v2\/media?parent=119710"}],"wp:term":[{"taxonomy":"category","embeddable":true,"href":"https:\/\/linitiative.ca\/International\/wp-json\/wp\/v2\/categories?post=119710"},{"taxonomy":"post_tag","embeddable":true,"href":"https:\/\/linitiative.ca\/International\/wp-json\/wp\/v2\/tags?post=119710"}],"curies":[{"name":"wp","href":"https:\/\/api.w.org\/{rel}","templated":true}]}}