{"id":119711,"date":"2021-06-27T10:35:12","date_gmt":"2021-06-27T14:35:12","guid":{"rendered":"https:\/\/linitiative.ca\/International\/cooperation-burkina-faso-guinee-bissau-le-president-embalo-est-a-ouagadougou\/"},"modified":"2021-06-27T10:35:12","modified_gmt":"2021-06-27T14:35:12","slug":"cooperation-burkina-faso-guinee-bissau-le-president-embalo-est-a-ouagadougou","status":"publish","type":"post","link":"https:\/\/linitiative.ca\/International\/cooperation-burkina-faso-guinee-bissau-le-president-embalo-est-a-ouagadougou\/","title":{"rendered":"Coop\u00e9ration Burkina Faso \u2013 Guin\u00e9e-Bissau : le pr\u00e9sident Embalo est  \u00e0 Ouagadougou"},"content":{"rendered":"<div>\n<p>(Ouagadougou, 27 juin 2021). Le pr\u00e9sident de la R\u00e9publique de Guin\u00e9e- Bissau, Umaro Sissoco Embalo est arriv\u00e9 ce matin \u00e0 Ouagadougou pour une visite d\u2019amiti\u00e9 et de travail\u00a0 au Burkina Faso.<\/p>\n<p>Il a \u00e9t\u00e9 accueilli \u00e0 l\u2019A\u00e9roport international de Ouagadougou par le Premier ministre, Christophe Dabir\u00e9.<\/p>\n<p>Le pr\u00e9sident Embalo sera re\u00e7u par le pr\u00e9sident du Faso au Palais de Kosyam pour une s\u00e9ance de travail au cours de laquelle les deux chefs d\u2019Etat vont passer en revue la coop\u00e9ration bilat\u00e9rale entre le Burkina Faso et la Guin\u00e9e-Bissau.<\/p>\n<p>Direction de la communication de la pr\u00e9sidence du Faso<\/p>\n<p>L\u2019article <a rel=\"nofollow\" href=\"https:\/\/www.sidwaya.info\/blog\/2021\/06\/27\/cooperation-burkina-faso-guinee-bissau-le-president-embalo-est-arrive-a-ouagadougou\/\">Coop\u00e9ration Burkina Faso \u2013 Guin\u00e9e-Bissau : le pr\u00e9sident Embalo est  \u00e0 Ouagadougou<\/a> est apparu en premier sur <a rel=\"nofollow\" href=\"https:\/\/www.sidwaya.info\/\">Quotidien Sidwaya<\/a>.<\/p>\n<\/div>\n<p>Auteur: BS. Sidwaya<br \/>\n<a href=\"https:\/\/www.sidwaya.info\/blog\/2021\/06\/27\/cooperation-burkina-faso-guinee-bissau-le-president-embalo-est-arrive-a-ouagadougou\/\">Cliquez ici pour lire l&rsquo;article depuis sa source.<\/a><\/p>\n","protected":false},"excerpt":{"rendered":"<p>(Ouagadougou, 27 juin 2021). Le pr\u00e9sident de la R\u00e9publique de Guin\u00e9e- Bissau, Umaro Sissoco Embalo est arriv\u00e9 ce matin \u00e0 Ouagadougou pour une visite d\u2019amiti\u00e9 et de travail\u00a0 au Burkina Faso. Il a \u00e9t\u00e9 accueilli \u00e0 l\u2019A\u00e9roport international de Ouagadougou par le Premier ministre, Christophe Dabir\u00e9. Le pr\u00e9sident Embalo sera re\u00e7u par le pr\u00e9sident du [&hellip;]<\/p>\n","protected":false},"author":1816,"featured_media":0,"comment_status":"closed","ping_status":"closed","sticky":false,"template":"","format":"standard","meta":{"fifu_image_url":"","fifu_image_alt":"","footnotes":""},"categories":[73,81],"tags":[],"class_list":["post-119711","post","type-post","status-publish","format-standard","hentry","category-actualite","category-burkina-faso"],"_links":{"self":[{"href":"https:\/\/linitiative.ca\/International\/wp-json\/wp\/v2\/posts\/119711","targetHints":{"allow":["GET"]}}],"collection":[{"href":"https:\/\/linitiative.ca\/International\/wp-json\/wp\/v2\/posts"}],"about":[{"href":"https:\/\/linitiative.ca\/International\/wp-json\/wp\/v2\/types\/post"}],"author":[{"embeddable":true,"href":"https:\/\/linitiative.ca\/International\/wp-json\/wp\/v2\/users\/1816"}],"replies":[{"embeddable":true,"href":"https:\/\/linitiative.ca\/International\/wp-json\/wp\/v2\/comments?post=119711"}],"version-history":[{"count":0,"href":"https:\/\/linitiative.ca\/International\/wp-json\/wp\/v2\/posts\/119711\/revisions"}],"wp:attachment":[{"href":"https:\/\/linitiative.ca\/International\/wp-json\/wp\/v2\/media?parent=119711"}],"wp:term":[{"taxonomy":"category","embeddable":true,"href":"https:\/\/linitiative.ca\/International\/wp-json\/wp\/v2\/categories?post=119711"},{"taxonomy":"post_tag","embeddable":true,"href":"https:\/\/linitiative.ca\/International\/wp-json\/wp\/v2\/tags?post=119711"}],"curies":[{"name":"wp","href":"https:\/\/api.w.org\/{rel}","templated":true}]}}