{"id":119712,"date":"2021-06-27T17:41:06","date_gmt":"2021-06-27T21:41:06","guid":{"rendered":"https:\/\/linitiative.ca\/International\/appel-a-lunisson\/"},"modified":"2021-06-27T17:41:06","modified_gmt":"2021-06-27T21:41:06","slug":"appel-a-lunisson","status":"publish","type":"post","link":"https:\/\/linitiative.ca\/International\/appel-a-lunisson\/","title":{"rendered":"Appel \u00e0 l\u2019unisson"},"content":{"rendered":"<div>\n<p>Le Pr\u00e9sident du Faso, Roch Marc Christian Kabor\u00e9, s\u2019est adress\u00e9 \u00e0 la Nation, \u00e0 travers un discours hier dimanche 27 juin 2021. Un message attendu par ses compatriotes depuis la survenue de la barbarie terroriste \u00e0 Solhan dans la nuit du 4 au 5 juin dernier, ayant caus\u00e9 132 morts et de la perte, deux semaines plus tard, de 11 policiers \u00e0 la suite d\u2019une embuscade tendue contre leur convoi entre Barsalogho et Foub\u00e9 au Centre-Nord.<\/p>\n<p>Deux tueries de trop qui r\u00e9v\u00e8lent que la r\u00e9silience des Burkinab\u00e8 n\u2019est pas sans borne. Pour marquer son amertume et sa pr\u00e9occupation face \u00e0 la cruaut\u00e9, Roch Marc Christian Kabor\u00e9 s\u2019est appropri\u00e9 \u00ab la r\u00e9action l\u00e9gitime de ses compatriotes de tous bords \u00bb dans ces moments de doute o\u00f9 les Burkinab\u00e8 doivent \u00e9viter de se battre alors que la pluie torrentielle s\u2019abat sur eux. Ce n\u2019est ni le moment, ni l\u2019occasion. Voici pourquoi le pr\u00e9sident du Faso appelle ses concitoyens en ces circonstances difficiles \u00e0 \u00e9pouser le triptyque<br \/>\n\u00ab unit\u00e9, coh\u00e9sion et engagement \u00bb qui porte toute sa quintessence.<\/p>\n<p>Car, jamais, ces mots n\u2019ont port\u00e9 une charge \u00e9motionnelle aussi lourde qu\u2019en ces instants o\u00f9 les compatriotes se laissent emporter par le doute et la peur de guerre lasse. Dans cette ambiance lourde, le pas \u00e0 ne pas franchir sera de se substituer aux terroristes et de nous faire la guerre pour eux. Rappelons-nous surtout que pour le terroriste, les victimes comptent peu, seuls ceux qui leur survivent constituent ce terreau dans lequel, ils puisent les ressources pour mener leur pr\u00e9tendue lutte. Les Burkinab\u00e8 ne doivent en aucun cas se tromper d\u2019ennemis. Car, si ennemi il devrait y avoir, il n\u2019est ni dans le gouvernement, ni dans la majorit\u00e9, ni dans l\u2019opposition, ni dans la soci\u00e9t\u00e9 civile. Il est bien identifi\u00e9. Comme tel, il doit \u00eatre combattu avec la derni\u00e8re \u00e9nergie.<\/p>\n<p>Le Burkina Faso, pays des Hommes int\u00e8gres, a les moyens de contenir cette furie terroriste. Ses filles et fils, unis autour des Forces de d\u00e9fense et de s\u00e9curit\u00e9 (FDS) et de toutes les forces suppl\u00e9tives, notamment les Volontaires pour la d\u00e9fense de la patrie (VDP) constituent ce rempart sur lequel ces hordes de criminels viendront se fracasser.<br \/>\nC\u2019est pourquoi Roch Marc Christian Kabor\u00e9 demande \u00ab instamment \u00e0 tous ceux qui s\u2019organisent, notamment les partis politiques et les organisations de la soci\u00e9t\u00e9 civile de surseoir aux marches et meetings projet\u00e9s afin de ne pas faire le lit de notre d\u00e9sunion \u00bb.<\/p>\n<p>Le sens historique de la participation \u00e0 l\u2019\u00e9dification d\u2019une nation forte se mesure \u00e0 la capacit\u00e9 de ses filles et fils \u00e0 se surpasser pour regarder l\u2019int\u00e9r\u00eat g\u00e9n\u00e9ral. Si nous voulons r\u00e9ussir le legs \u00e0 nos enfants dans un pays stable et fort, nous devons<br \/>\n\u00ab individuellement et collectivement, Burkinab\u00e8 de l\u2019int\u00e9rieur comme de l\u2019ext\u00e9rieur, faire de la lutte contre le terrorisme une affaire de chacun et de tous \u00bb.<\/p>\n<p>Le pr\u00e9sident du Faso salue alors \u00ab les acquis engrang\u00e9s sur le terrain par les forces de d\u00e9fense et de s\u00e9curit\u00e9, avec l\u2019apport cons\u00e9quent des Volontaires pour la D\u00e9fense de la patrie qui ont permis d\u2019infliger aux groupes terroristes, des pertes significatives, les amenant \u00e0 changer leurs tactiques pour s\u2019en prendre l\u00e2chement aux populations civiles \u00bb. Et si les diff\u00e9rents sentiers de coh\u00e9sion, la r\u00e9conciliation nationale qui se m\u00e8ne sans accroc, le dialogue politique, \u00ab troublaient \u00bb le sommeil de ces terroristes qui savent d\u00e9sormais qu\u2019ils pourront passer de mauvais quarts d\u2019heure au Burkina, expliquaient cet acharnement sur des personnes \u00ab inoffensives \u00bb ?<\/p>\n<p>Dans tous les cas, au regard des enjeux li\u00e9s \u00e0 la situation s\u00e9curitaire d\u2019ensemble, Roch Marc Christian Kabor\u00e9, en sa qualit\u00e9 de Chef supr\u00eame des arm\u00e9es, a d\u00e9cid\u00e9 de prendre des mesures. Le mot \u00ab d\u00e9cid\u00e9 \u00bb a toute sa port\u00e9e, il peut se comprendre comme une op\u00e9rationnalisation \u00ab imm\u00e9diate \u00bb parce qu\u2019il est question de \u00ab r\u00e9tablir la confiance avec notre peuple, dans le secteur de la s\u00e9curit\u00e9 \u00bb.<\/p>\n<p>Puisque, \u00ab le doute sur notre capacit\u00e9 \u00e0 vaincre l\u2019ennemi n\u2019est pas permis \u00bb. Et Roch Marc Christian Kabor\u00e9 de r\u00e9it\u00e9rer son souhait de Burkinab\u00e8 unis, parlant d\u2019une seule voix, d\u2019o\u00f9 sa forte conviction : \u00ab ensemble, unis et d\u00e9termin\u00e9s, nous y parviendrons \u00bb.<br \/>\nCe message pr\u00e9sidentiel d\u2019apaisement, d\u2019union sacr\u00e9e et d\u2019inalt\u00e9rable d\u00e9termination sera suivi, sans doute, de mesures et correctifs n\u00e9cessaires \u00e0 la hauteur, esp\u00e9rons-nous, de l\u2019affront terroriste et des attentes l\u00e9gitimes de ses concitoyens. Mais toujours \u00e0 l\u2019abri de la fr\u00e9n\u00e9sie.<\/p>\n<p style=\"text-align: right\"><strong>Par Mahamadi TIEGNA<\/strong><\/p>\n<p>\u00a0<\/p>\n<p>L\u2019article <a rel=\"nofollow\" href=\"https:\/\/www.sidwaya.info\/blog\/2021\/06\/27\/appel-a-lunisson\/\">Appel \u00e0 l\u2019unisson<\/a> est apparu en premier sur <a rel=\"nofollow\" href=\"https:\/\/www.sidwaya.info\/\">Quotidien Sidwaya<\/a>.<\/p>\n<\/div>\n<p>Auteur: JK. Sidwaya<br \/>\n<a href=\"https:\/\/www.sidwaya.info\/blog\/2021\/06\/27\/appel-a-lunisson\/\">Cliquez ici pour lire l&rsquo;article depuis sa source.<\/a><\/p>\n","protected":false},"excerpt":{"rendered":"<p>Le Pr\u00e9sident du Faso, Roch Marc Christian Kabor\u00e9, s\u2019est adress\u00e9 \u00e0 la Nation, \u00e0 travers un discours hier dimanche 27 juin 2021. Un message attendu par ses compatriotes depuis la survenue de la barbarie terroriste \u00e0 Solhan dans la nuit du 4 au 5 juin dernier, ayant caus\u00e9 132 morts et de la perte, deux [&hellip;]<\/p>\n","protected":false},"author":1816,"featured_media":0,"comment_status":"closed","ping_status":"closed","sticky":false,"template":"","format":"standard","meta":{"fifu_image_url":"","fifu_image_alt":"","footnotes":""},"categories":[73,81],"tags":[],"class_list":["post-119712","post","type-post","status-publish","format-standard","hentry","category-actualite","category-burkina-faso"],"_links":{"self":[{"href":"https:\/\/linitiative.ca\/International\/wp-json\/wp\/v2\/posts\/119712","targetHints":{"allow":["GET"]}}],"collection":[{"href":"https:\/\/linitiative.ca\/International\/wp-json\/wp\/v2\/posts"}],"about":[{"href":"https:\/\/linitiative.ca\/International\/wp-json\/wp\/v2\/types\/post"}],"author":[{"embeddable":true,"href":"https:\/\/linitiative.ca\/International\/wp-json\/wp\/v2\/users\/1816"}],"replies":[{"embeddable":true,"href":"https:\/\/linitiative.ca\/International\/wp-json\/wp\/v2\/comments?post=119712"}],"version-history":[{"count":0,"href":"https:\/\/linitiative.ca\/International\/wp-json\/wp\/v2\/posts\/119712\/revisions"}],"wp:attachment":[{"href":"https:\/\/linitiative.ca\/International\/wp-json\/wp\/v2\/media?parent=119712"}],"wp:term":[{"taxonomy":"category","embeddable":true,"href":"https:\/\/linitiative.ca\/International\/wp-json\/wp\/v2\/categories?post=119712"},{"taxonomy":"post_tag","embeddable":true,"href":"https:\/\/linitiative.ca\/International\/wp-json\/wp\/v2\/tags?post=119712"}],"curies":[{"name":"wp","href":"https:\/\/api.w.org\/{rel}","templated":true}]}}