{"id":119713,"date":"2021-06-26T19:19:02","date_gmt":"2021-06-26T23:19:02","guid":{"rendered":"https:\/\/linitiative.ca\/International\/mise-en-place-de-67-indicateurs-de-developpement-des-medias-en-cote-divoire\/"},"modified":"2021-06-26T19:19:02","modified_gmt":"2021-06-26T23:19:02","slug":"mise-en-place-de-67-indicateurs-de-developpement-des-medias-en-cote-divoire","status":"publish","type":"post","link":"https:\/\/linitiative.ca\/International\/mise-en-place-de-67-indicateurs-de-developpement-des-medias-en-cote-divoire\/","title":{"rendered":"Mise en place de 67 indicateurs de d\u00e9veloppement des m\u00e9dias en C\u00f4te d\u2019Ivoire"},"content":{"rendered":"<div>\n<p><img loading=\"lazy\" decoding=\"async\" width=\"800\" height=\"531\" src=\"https:\/\/linitiative.ca\/International\/wp-content\/uploads\/sites\/23\/2021\/06\/16247495425061.jpg\" class=\"attachment-post-thumbnail size-post-thumbnail wp-post-image\" alt=\"\" srcset=\"https:\/\/linitiative.ca\/International\/wp-content\/uploads\/sites\/23\/2021\/06\/16247495425061.jpg 800w, https:\/\/www.journalducameroun.com\/wp-content\/uploads\/2021\/06\/16247495425061-300x199.jpg 300w, https:\/\/www.journalducameroun.com\/wp-content\/uploads\/2021\/06\/16247495425061-768x510.jpg 768w, https:\/\/www.journalducameroun.com\/wp-content\/uploads\/2021\/06\/16247495425061-663x440.jpg 663w, https:\/\/www.journalducameroun.com\/wp-content\/uploads\/2021\/06\/16247495425061-600x398.jpg 600w\" sizes=\"auto, (max-width: 800px) 100vw, 800px\"><\/p>\n<p>Quelques 67 indicateurs pour l&rsquo;\u00e9valuation du d\u00e9veloppement \u00e9conomique ainsi que de l&rsquo;effet des lois et r\u00e8glements sur le d\u00e9veloppement des m\u00e9dias en C\u00f4te d&rsquo;Ivoire ont \u00e9t\u00e9 mis en place \u00e0 l&rsquo;issue d&rsquo;un atelier organis\u00e9 du 24 au 26 juin \u00e0 Dabou, \u00e0 une cinquantaine de km \u00e0 l&rsquo;ouest d&rsquo;Abidjan.<\/p>\n<p>Organis\u00e9 par le Fonds de soutien et de d\u00e9veloppement de la presse (FSDP), cet atelier s&rsquo;est d\u00e9roul\u00e9 sous le th\u00e8me, \u00abMise en place d&rsquo;indicateurs de d\u00e9veloppement des m\u00e9dias en C\u00f4te d&rsquo;Ivoire \u00bb.<\/p>\n<p>Les travaux pr\u00e9sid\u00e9s par M. Abdou Abdou, Conseiller technique et pr\u00e9sident du Conseil de gestion du FSDP, repr\u00e9sentant M. Amadou Coulibaly, ministre de la Communication, des m\u00e9dias et de Francophonie, se sont d\u00e9roul\u00e9s au sein de deux commissions th\u00e9matiques, l&rsquo;une \u00a0d\u00e9nomm\u00e9e \u00abEconomique et financi\u00e8re\u00bb et l&rsquo;autre \u00abL\u00e9gale et r\u00e9glementaire \u00bb.<\/p>\n<p>Au terme de ces travaux, la session pl\u00e9ni\u00e8re a adopt\u00e9 14 strates d&rsquo;analyse et 32 indicateurs au niveau de la commission \u00abEconomique et financi\u00e8re\u00bb.<\/p>\n<p>\u00a0Ces strates et indicateurs ont notamment trait \u00e0 l&rsquo;analyse macro\u00e9conomique du d\u00e9veloppement du secteur des m\u00e9dias, l&rsquo;impact sur l&#8217;emploi et la masse salariale, l&rsquo;\u00e9volution de la subvention \u00e9tatique allou\u00e9e au secteur des m\u00e9dias, la digitalisation, l&rsquo;existence de r\u00e9daction en ligne, l&rsquo;offre num\u00e9rique \u00e0 la vente ou la mon\u00e9tisation.<\/p>\n<p>\u00a0Pour la commission \u00abL\u00e9gale et r\u00e9glementaire \u00bb, 11 strates d&rsquo;analyse et 35 indicateurs ont \u00e9t\u00e9 retenus. Il s&rsquo;agit entre autres de la libert\u00e9 d&rsquo;expression, des lois nationales ou la garantie constitutionnelle de la libert\u00e9 d&rsquo;expression, du droit \u00e0 l&rsquo;information, de la libert\u00e9 d&rsquo;exercice de la profession de journaliste, de l&rsquo;\u00e9laboration de la politique publique \u00e0 l&rsquo;\u00e9gard des m\u00e9dias, du droit \u00e0 l&rsquo;ind\u00e9pendance \u00e9ditoriale et de la protection des sources.<\/p>\n<p>M. Abdou Abdou, repr\u00e9sentant le ministre de la Communication, des m\u00e9dias et de la Francophonie, a rassur\u00e9 que \u00a0ce document conna\u00eetra une attention toute particuli\u00e8re par ce d\u00e9partement minist\u00e9riel qui continuera \u00e0 \u0153uvrer pour l&rsquo;am\u00e9lioration de la gestion de l&rsquo;aide publique aux m\u00e9dias.<\/p>\n<p>Les participants \u00e9taient issus \u00a0des Autorit\u00e9s de r\u00e9gulation, \u00a0des directions centrales du minist\u00e8re de la Communication, des m\u00e9dias et de la Francophonie, et des Organisations professionnelles des m\u00e9dias. Des experts du monde \u00e9conomique et juridique ont \u00e9galement pris part aux travaux.<\/p>\n<p>Le FSDP a pour mission de financer au profit des entreprises de presse et de communication audiovisuelle et aussi des organisations professionnelles des \u00e9tudes et conseils, des projets de formation, la diffusion et des projets d&rsquo;int\u00e9r\u00eat collectif provenant des organisations professionnelles, a rappel\u00e9 son directeur ex\u00e9cutif, Mme Bernise N&rsquo;guessan.\u00a0<\/p>\n<p>Cet \u00e9tablissement accorde aussi des subventions, et peut constituer aupr\u00e8s des banques et \u00e9tablissements financiers, la garantie des emprunts que contractent les entreprises et organisations professionnelles du secteur de la presse.<\/p>\n<p>Cet article <a rel=\"nofollow\" href=\"https:\/\/www.journalducameroun.com\/mise-en-place-de-67-indicateurs-de-developpement-des-medias-en-cote-divoire\/\">Mise en place de 67 indicateurs de d\u00e9veloppement des m\u00e9dias en C\u00f4te d\u2019Ivoire<\/a> est apparu en premier sur <a rel=\"nofollow\" href=\"https:\/\/www.journalducameroun.com\/\">Journal du Cameroun<\/a>.<\/p>\n<\/div>\n<p>Auteur: APA News<br \/>\n<a href=\"https:\/\/www.journalducameroun.com\/mise-en-place-de-67-indicateurs-de-developpement-des-medias-en-cote-divoire\/\">Cliquez ici pour lire l&rsquo;article depuis sa source.<\/a><\/p>\n","protected":false},"excerpt":{"rendered":"<p>Quelques 67 indicateurs pour l&rsquo;\u00e9valuation du d\u00e9veloppement \u00e9conomique ainsi que de l&rsquo;effet des lois et r\u00e8glements sur le d\u00e9veloppement des m\u00e9dias en C\u00f4te d&rsquo;Ivoire ont \u00e9t\u00e9 mis en place \u00e0 l&rsquo;issue d&rsquo;un atelier organis\u00e9 du 24 au 26 juin \u00e0 Dabou, \u00e0 une cinquantaine de km \u00e0 l&rsquo;ouest d&rsquo;Abidjan. Organis\u00e9 par le Fonds de soutien [&hellip;]<\/p>\n","protected":false},"author":1965,"featured_media":0,"comment_status":"closed","ping_status":"closed","sticky":false,"template":"","format":"standard","meta":{"fifu_image_url":"https:\/\/www.journalducameroun.com\/wp-content\/uploads\/2021\/06\/16247495425061.jpg","fifu_image_alt":"Mise en place de 67 indicateurs de d\u00e9veloppement des m\u00e9dias en C\u00f4te d\u2019Ivoire","footnotes":""},"categories":[73,82],"tags":[],"class_list":["post-119713","post","type-post","status-publish","format-standard","hentry","category-actualite","category-cameroun"],"_links":{"self":[{"href":"https:\/\/linitiative.ca\/International\/wp-json\/wp\/v2\/posts\/119713","targetHints":{"allow":["GET"]}}],"collection":[{"href":"https:\/\/linitiative.ca\/International\/wp-json\/wp\/v2\/posts"}],"about":[{"href":"https:\/\/linitiative.ca\/International\/wp-json\/wp\/v2\/types\/post"}],"author":[{"embeddable":true,"href":"https:\/\/linitiative.ca\/International\/wp-json\/wp\/v2\/users\/1965"}],"replies":[{"embeddable":true,"href":"https:\/\/linitiative.ca\/International\/wp-json\/wp\/v2\/comments?post=119713"}],"version-history":[{"count":0,"href":"https:\/\/linitiative.ca\/International\/wp-json\/wp\/v2\/posts\/119713\/revisions"}],"wp:attachment":[{"href":"https:\/\/linitiative.ca\/International\/wp-json\/wp\/v2\/media?parent=119713"}],"wp:term":[{"taxonomy":"category","embeddable":true,"href":"https:\/\/linitiative.ca\/International\/wp-json\/wp\/v2\/categories?post=119713"},{"taxonomy":"post_tag","embeddable":true,"href":"https:\/\/linitiative.ca\/International\/wp-json\/wp\/v2\/tags?post=119713"}],"curies":[{"name":"wp","href":"https:\/\/api.w.org\/{rel}","templated":true}]}}