{"id":119715,"date":"2021-06-26T19:19:02","date_gmt":"2021-06-26T23:19:02","guid":{"rendered":"https:\/\/linitiative.ca\/International\/cote-divoire-plaidoyer-pour-une-prise-en-charge-securisee-des-grossesses-non-desirees\/"},"modified":"2021-06-26T19:19:02","modified_gmt":"2021-06-26T23:19:02","slug":"cote-divoire-plaidoyer-pour-une-prise-en-charge-securisee-des-grossesses-non-desirees","status":"publish","type":"post","link":"https:\/\/linitiative.ca\/International\/cote-divoire-plaidoyer-pour-une-prise-en-charge-securisee-des-grossesses-non-desirees\/","title":{"rendered":"C\u00f4te d\u2019Ivoire: plaidoyer pour \u00ab\u00a0une prise en charge s\u00e9curis\u00e9e\u00a0\u00bb des grossesses non d\u00e9sir\u00e9es"},"content":{"rendered":"<div>\n<p><img loading=\"lazy\" decoding=\"async\" width=\"632\" height=\"473\" src=\"https:\/\/linitiative.ca\/International\/wp-content\/uploads\/sites\/23\/2021\/06\/16247495421902.jpg\" class=\"attachment-post-thumbnail size-post-thumbnail wp-post-image\" alt=\"\" srcset=\"https:\/\/linitiative.ca\/International\/wp-content\/uploads\/sites\/23\/2021\/06\/16247495421902.jpg 632w, https:\/\/www.journalducameroun.com\/wp-content\/uploads\/2021\/06\/16247495421902-300x225.jpg 300w, https:\/\/www.journalducameroun.com\/wp-content\/uploads\/2021\/06\/16247495421902-588x440.jpg 588w, https:\/\/www.journalducameroun.com\/wp-content\/uploads\/2021\/06\/16247495421902-600x449.jpg 600w\" sizes=\"auto, (max-width: 632px) 100vw, 632px\"><\/p>\n<p>Le conseiller psychologue ivoirien, Y\u00e9boua Kouadio, pr\u00e9sident de l&rsquo;ONG Action pour l&rsquo;enfant et la femme en C\u00f4te d&rsquo;Ivoire (APEF-CI) plaide pour \u00ab\u00a0une prise en charge compl\u00e8te et s\u00e9curis\u00e9e des grossesses non d\u00e9sir\u00e9es et \u00e0 risque\u00a0\u00bb, dans un entretien \u00e0 APA.<\/p>\n<p>Q : Peu de personnes fr\u00e9quentaient les centres hospitaliers au plus fort de la crise de la Covid-19. Votre structure suit les questions li\u00e9es \u00e0 la sant\u00e9 maternelle, est-ce que l&rsquo;acc\u00e8s plus ou moins difficile aux contraceptifs a occasionn\u00e9 des cas de grossesses ind\u00e9sir\u00e9es ou des avortements ?<\/p>\n<p>R : Pas n\u00e9cessairement, car l&rsquo;acc\u00e8s aux m\u00e9thodes contraceptives n&rsquo;est pas le v\u00e9ritable probl\u00e8me occasionnant des cas de grossesses non d\u00e9sir\u00e9es ou des avortements ; mais dans son utilisation. Les jeunes surtout, souhaitent avoir des rapports sexuels sans les produits contraceptifs. Il s&rsquo;agit pour nous de les sensibiliser \u00e0 les utiliser, car ceci y va de leur sant\u00e9 sexuelle (contraction des IST\/VIH Sida, grossesses non d\u00e9sir\u00e9es et ne pas arriver aux avortements voire clandestins).<\/p>\n<p>Q : Quand le pronostic vital de la m\u00e8re est engag\u00e9, en C\u00f4te d&rsquo;Ivoire, \u00a0avec l&rsquo;accord des parents, un avortement peut l\u00e9gitimement \u00eatre fait par un gyn\u00e9cologue \u00e0 la suite d&rsquo;un accord formel. Outre, cette circonstance, y a-t-il un ou d&rsquo;autres int\u00e9r\u00eats pour pratiquer l&rsquo;avortement selon vous ?<\/p>\n<p>R : En C\u00f4te d&rsquo;Ivoire, il n&rsquo;y a pas d&rsquo;infraction lorsqu&rsquo;une interruption de la grossesse est n\u00e9cessit\u00e9e par la sauvegarde de la vie de la m\u00e8re gravement menac\u00e9e. En outre, le m\u00e9decin procure l&rsquo;avortement \u00e0 une victime de viol \u00e0 la demande de celle-ci.<\/p>\n<p>\u00a0Dans ces deux cas, le m\u00e9decin traitant ou le chirurgien doit prendre l&rsquo;avis de deux m\u00e9decins consultants, qui, apr\u00e8s examen, attestent que la vie de la m\u00e8re ne peut \u00eatre sauvegard\u00e9e qu&rsquo;au moyen d&rsquo;une telle intervention chirurgicale ou th\u00e9rapeutique ou que telle \u00e9tait la volont\u00e9 de la victime de viol, d\u00fbment constat\u00e9e par \u00e9crit.\u00a0<\/p>\n<p>Si le nombre de m\u00e9decin r\u00e9sidant au lieu de l&rsquo;intervention est de deux, le m\u00e9decin traitant n&rsquo;est tenu de prendre que l&rsquo;avis de son confr\u00e8re.\u00a0<\/p>\n<p>Toutefois, si le m\u00e9decin traitant est seul r\u00e9sidant au lieu de l&rsquo;intervention, il atteste sur son honneur que la vie de la m\u00e8re ne pouvait \u00eatre sauvegard\u00e9e que par l&rsquo;intervention chirurgicale ou th\u00e9rapeutique pratiqu\u00e9e ou que telle \u00e9tait la volont\u00e9 de la victime de viol. Dans tous les cas, un des exemplaires de la consultation est remis \u00e0 la m\u00e8re, l&rsquo;autre est conserv\u00e9 par les m\u00e9decins traitants.<\/p>\n<p>Q : Aujourd&rsquo;hui, l&rsquo;on parle d&rsquo;avortement s\u00e9curis\u00e9. Si la C\u00f4te d&rsquo;Ivoire acc\u00e8de \u00e0 cela, ne serait-ce pas une porte ouverte pour des jeunes femmes de faire des avortements tous azimuts ?<\/p>\n<p>R : Non, je ne crois pas ainsi car l&rsquo;avortement s\u00e9curis\u00e9 sera bien cadr\u00e9 et ne donnera pas droit \u00e0 toute femme d\u00e9sireuse d&rsquo;avorter d&rsquo;en b\u00e9n\u00e9ficier ; il sera circonscrit en tenant compte du protocole de Maputo. Des acteurs sociaux, centres sociaux, des psychologues interviendront pour analyser si le cas respecte le protocole de Maputo.<\/p>\n<p>Q : Quelque 20% des femmes d\u00e9c\u00e8dent en C\u00f4te d&rsquo;Ivoire suite \u00e0 des avortements non s\u00e9curis\u00e9s. Et chaque ann\u00e9e, c&rsquo;est entre 210.000 femmes et 290.000 femmes qui pratiquent les avortements et parmi lesquelles beaucoup d\u00e9c\u00e8dent. Quel est votre plaidoyer aupr\u00e8s de l&rsquo;Etat ivoirien pour une application du protocole de Maputo ?<\/p>\n<p>R : Notre plaidoyer est pour une prise en charge compl\u00e8te et s\u00e9curis\u00e9e des grossesses non d\u00e9sir\u00e9es et \u00e0 risque conform\u00e9ment \u00e0 la l\u00e9gislation en vigueur et particuli\u00e8rement pour l&rsquo;harmonisation des ordres juridiques national et international, par l&rsquo;Etat de C\u00f4te d&rsquo;Ivoire, sur la question de l&rsquo;avortement clandestin suivant la ratification du protocole \u00e0 la Charte africaine des droits de l&rsquo;Homme et des peuples relatifs aux droits de la femmes en Afrique commun\u00e9ment appel\u00e9 Protocole de Maputo, en son article 14 qui \u00e9largit les conditions d&rsquo;acc\u00e8s \u00e0 l&rsquo;avortement s\u00e9curis\u00e9.<\/p>\n<p>Cet article <a rel=\"nofollow\" href=\"https:\/\/www.journalducameroun.com\/cote-divoire-plaidoyer-pour-une-prise-en-charge-securisee-des-grossesses-non-desirees\/\">C\u00f4te d\u2019Ivoire: plaidoyer pour \u00ab\u00a0une prise en charge s\u00e9curis\u00e9e\u00a0\u00bb des grossesses non d\u00e9sir\u00e9es<\/a> est apparu en premier sur <a rel=\"nofollow\" href=\"https:\/\/www.journalducameroun.com\/\">Journal du Cameroun<\/a>.<\/p>\n<\/div>\n<p>Auteur: APA News<br \/>\n<a href=\"https:\/\/www.journalducameroun.com\/cote-divoire-plaidoyer-pour-une-prise-en-charge-securisee-des-grossesses-non-desirees\/\">Cliquez ici pour lire l&rsquo;article depuis sa source.<\/a><\/p>\n","protected":false},"excerpt":{"rendered":"<p>Le conseiller psychologue ivoirien, Y\u00e9boua Kouadio, pr\u00e9sident de l&rsquo;ONG Action pour l&rsquo;enfant et la femme en C\u00f4te d&rsquo;Ivoire (APEF-CI) plaide pour \u00ab\u00a0une prise en charge compl\u00e8te et s\u00e9curis\u00e9e des grossesses non d\u00e9sir\u00e9es et \u00e0 risque\u00a0\u00bb, dans un entretien \u00e0 APA. Q : Peu de personnes fr\u00e9quentaient les centres hospitaliers au plus fort de la crise [&hellip;]<\/p>\n","protected":false},"author":1965,"featured_media":0,"comment_status":"closed","ping_status":"closed","sticky":false,"template":"","format":"standard","meta":{"fifu_image_url":"https:\/\/www.journalducameroun.com\/wp-content\/uploads\/2021\/06\/16247495421902.jpg","fifu_image_alt":"C\u00f4te d\u2019Ivoire: plaidoyer pour \u00ab\u00a0une prise en charge s\u00e9curis\u00e9e\u00a0\u00bb des grossesses non d\u00e9sir\u00e9es","footnotes":""},"categories":[73,82],"tags":[],"class_list":["post-119715","post","type-post","status-publish","format-standard","hentry","category-actualite","category-cameroun"],"_links":{"self":[{"href":"https:\/\/linitiative.ca\/International\/wp-json\/wp\/v2\/posts\/119715","targetHints":{"allow":["GET"]}}],"collection":[{"href":"https:\/\/linitiative.ca\/International\/wp-json\/wp\/v2\/posts"}],"about":[{"href":"https:\/\/linitiative.ca\/International\/wp-json\/wp\/v2\/types\/post"}],"author":[{"embeddable":true,"href":"https:\/\/linitiative.ca\/International\/wp-json\/wp\/v2\/users\/1965"}],"replies":[{"embeddable":true,"href":"https:\/\/linitiative.ca\/International\/wp-json\/wp\/v2\/comments?post=119715"}],"version-history":[{"count":0,"href":"https:\/\/linitiative.ca\/International\/wp-json\/wp\/v2\/posts\/119715\/revisions"}],"wp:attachment":[{"href":"https:\/\/linitiative.ca\/International\/wp-json\/wp\/v2\/media?parent=119715"}],"wp:term":[{"taxonomy":"category","embeddable":true,"href":"https:\/\/linitiative.ca\/International\/wp-json\/wp\/v2\/categories?post=119715"},{"taxonomy":"post_tag","embeddable":true,"href":"https:\/\/linitiative.ca\/International\/wp-json\/wp\/v2\/tags?post=119715"}],"curies":[{"name":"wp","href":"https:\/\/api.w.org\/{rel}","templated":true}]}}