{"id":119722,"date":"2021-06-27T11:20:50","date_gmt":"2021-06-27T15:20:50","guid":{"rendered":"https:\/\/linitiative.ca\/International\/climat-social-une-commission-tripartite-voit-le-jour-a-la-sosucam\/"},"modified":"2021-06-27T11:20:50","modified_gmt":"2021-06-27T15:20:50","slug":"climat-social-une-commission-tripartite-voit-le-jour-a-la-sosucam","status":"publish","type":"post","link":"https:\/\/linitiative.ca\/International\/climat-social-une-commission-tripartite-voit-le-jour-a-la-sosucam\/","title":{"rendered":"Climat social : une commission tripartite voit le jour \u00e0 la Sosucam"},"content":{"rendered":"<div>\n<p>C\u2019est un nouvelle page qui s\u2019ouvre dans l\u2019affaire des 250 employ\u00e9s de la \u00a0soci\u00e9t\u00e9 sucri\u00e8re du Cameroun (Socucam) licenci\u00e9s. R\u00e9solu a apport\u00e9 une solution concr\u00e8te dans cette affaire de licenciement survenue le 7 juin dernier pour motif d\u2019\u00ab insuffisances professionnelles \u00bb, le 22 juin 2021, le gouverneur de la r\u00e9gion du Centre Naseri Paul Bea a tenu une \u00a0concertation qui a r\u00e9uni le pr\u00e9fet de la Haute Sanaga, les membres de l\u2019administration du travail. Etaient aussi pr\u00e9sent, les travailleurs de la Direction g\u00e9n\u00e9rale de la Sosucam, et ceux de la conf\u00e9d\u00e9ration syndicale des travailleurs du Cameroun (Cstc), au rang desquels les personnes licenci\u00e9es.\u00a0 L\u2019entrevue qui aura dur\u00e9 deux heures d\u2019horloge a conduit \u00e0 la mise en place d\u2019une commission tripartite compos\u00e9 de 12 membres, reparti en quatre membres par groupe. Ladite commission, voit le jour dans l\u2019optique de respecter les lois et r\u00e8glementation r\u00e9gissant le travail d\u00e9cent. Elle aura pour mission d\u2019\u00e9tudier l\u2019int\u00e9gralit\u00e9 des dossiers et les modalit\u00e9s de d\u00e9part de chaque employ\u00e9 licenci\u00e9, elle a ainsi une dur\u00e9e d\u2019un mois pour rendre sa copie. <\/p>\n<p><strong>Lire aussi :<\/strong> <a href=\"https:\/\/ecomatin.net\/climat-sociall-sosucam-licencie-250-employes\/\"><strong>Climat social : Sosucam licencie 250 employ\u00e9s<\/strong>\u00a0<\/a><\/p>\n<p>C\u2019est dans ce sens que le pr\u00e9avis de gr\u00e8ve initi\u00e9 par la conf\u00e9d\u00e9ration syndicale des travailleurs le 17 juin dernier, a \u00e9t\u00e9 suspendu le temps pour la commission de rendre son verdict. La conf\u00e9d\u00e9ration s\u2019offusquait contre l\u2019action entreprise par la Sosucam\u00a0qui est en\u00a0 violation de la l\u00e9gislation. \u00ab\u00a0Nous venons par la pr\u00e9sente vous faire parvenir les attentes de la CSTC\u00a0et des travailleurs mis \u00e0 la porte de la Socucam au m\u00e9pris des normes internationales du travail de l\u2019OIT, de la loi N\u00b092\/007du 14 aout 1992 portant Code du travail au Cameroun, de la convention collective nationale des entreprises agricoles\u2026\u00bb, peut-on-lire dans le document.<\/p>\n<p>Par ailleurs, dans un communiqu\u00e9 sign\u00e9 le 22 juin 2021, du Directeur adjoint Emmanuel Castells indique que l\u2019entreprise poursuit les op\u00e9rations li\u00e9es aux modalit\u00e9s de rupture de contrat et de paiement des droits des licenci\u00e9es aupr\u00e8s des \u00a0bureaux d\u00e9di\u00e9s \u00e0 cet effet. \u00a0<\/p>\n<p><strong>Lire aussi :<\/strong> <strong><a href=\"https:\/\/ecomatin.net\/sosucam-dote-le-lycee-bilingue-de-mbandjock-dun-laboratoire-scientifique\/\">Sosucam dote le lyc\u00e9e bilingue de Mbandjock d\u2019un laboratoire scientifique<\/a><\/strong><\/p>\n<p>Les employ\u00e9s mis \u00e0 la porte r\u00e9clament entre autres, la reconsid\u00e9ration du motif de licenciement, la prise en charge par l\u2019employeur des cotisations sociales prenant en compte les quotes-parts employer\/travailleur pour le reste des ann\u00e9es \u00e0 la caisse nationale de pr\u00e9voyance sociale\u00a0(Cnps)\u00a0; aussi le reversement\u00a0 d\u2019une prime de r\u00e9insertion sociale repr\u00e9sentant 12 mois de salaire de base \u00e9chelonn\u00e9 etc.<\/p>\n<p>Rappelons que, selon les responsables de la Sosucam, ce d\u00e9part de masse tire son origine dans la difficile situation financi\u00e8re de l\u2019entreprise, et aurait \u00e9t\u00e9 motiv\u00e9 par de performances m\u00e9diocres ayant impact\u00e9 les r\u00e9sultats engrang\u00e9s par la compagnie lors de la derni\u00e8re campagne sucri\u00e8re. Au cours du 4e trimestre 2020 en effet, les chiffres de la compagnie avaient drastiquement chut\u00e9. A l\u2019\u00e9poque, la baisse d\u2019activit\u00e9 li\u00e9e au Covid-19 ainsi que les importations de contrebandes venues du Nigeria avaient \u00e9t\u00e9 \u00e9voqu\u00e9s pour expliquer cette situation.<\/p>\n<p><strong>Lire aussi <\/strong>: <strong><a href=\"https:\/\/ecomatin.net\/agro-industrie-les-employes-de-sosucam-recoivent-une-majoration-de-10-sur-le-salaire\/\">Agro-industrie : les employ\u00e9s de Sosucam re\u00e7oivent une majoration de 10% sur le salaire<\/a><\/strong><\/p>\n<p>L\u2019article <a rel=\"nofollow\" href=\"https:\/\/ecomatin.net\/climat-social-une-commission-tripartite-voit-le-jour-a-a-la-sosucam\/\">Climat social : une commission tripartite voit le jour \u00e0 la Sosucam<\/a> est apparu en premier sur <a rel=\"nofollow\" href=\"https:\/\/ecomatin.net\/\">EcoMatin<\/a>.<\/p>\n<\/div>\n<p>Auteur: Amina MALLOUM<br \/>\n<a href=\"https:\/\/ecomatin.net\/climat-social-une-commission-tripartite-voit-le-jour-a-a-la-sosucam\/\">Cliquez ici pour lire l&rsquo;article depuis sa source.<\/a><\/p>\n","protected":false},"excerpt":{"rendered":"<p>C\u2019est un nouvelle page qui s\u2019ouvre dans l\u2019affaire des 250 employ\u00e9s de la \u00a0soci\u00e9t\u00e9 sucri\u00e8re du Cameroun (Socucam) licenci\u00e9s. R\u00e9solu a apport\u00e9 une solution concr\u00e8te dans cette affaire de licenciement survenue le 7 juin dernier pour motif d\u2019\u00ab insuffisances professionnelles \u00bb, le 22 juin 2021, le gouverneur de la r\u00e9gion du Centre Naseri Paul Bea [&hellip;]<\/p>\n","protected":false},"author":1969,"featured_media":0,"comment_status":"closed","ping_status":"closed","sticky":false,"template":"","format":"standard","meta":{"fifu_image_url":"","fifu_image_alt":"","footnotes":""},"categories":[82,78],"tags":[],"class_list":["post-119722","post","type-post","status-publish","format-standard","hentry","category-cameroun","category-economie"],"_links":{"self":[{"href":"https:\/\/linitiative.ca\/International\/wp-json\/wp\/v2\/posts\/119722","targetHints":{"allow":["GET"]}}],"collection":[{"href":"https:\/\/linitiative.ca\/International\/wp-json\/wp\/v2\/posts"}],"about":[{"href":"https:\/\/linitiative.ca\/International\/wp-json\/wp\/v2\/types\/post"}],"author":[{"embeddable":true,"href":"https:\/\/linitiative.ca\/International\/wp-json\/wp\/v2\/users\/1969"}],"replies":[{"embeddable":true,"href":"https:\/\/linitiative.ca\/International\/wp-json\/wp\/v2\/comments?post=119722"}],"version-history":[{"count":0,"href":"https:\/\/linitiative.ca\/International\/wp-json\/wp\/v2\/posts\/119722\/revisions"}],"wp:attachment":[{"href":"https:\/\/linitiative.ca\/International\/wp-json\/wp\/v2\/media?parent=119722"}],"wp:term":[{"taxonomy":"category","embeddable":true,"href":"https:\/\/linitiative.ca\/International\/wp-json\/wp\/v2\/categories?post=119722"},{"taxonomy":"post_tag","embeddable":true,"href":"https:\/\/linitiative.ca\/International\/wp-json\/wp\/v2\/tags?post=119722"}],"curies":[{"name":"wp","href":"https:\/\/api.w.org\/{rel}","templated":true}]}}