{"id":119724,"date":"2021-06-28T10:15:23","date_gmt":"2021-06-28T14:15:23","guid":{"rendered":"https:\/\/linitiative.ca\/International\/mis-en-oeuvre-par-enabel-le-projet-depomi-lance-dans-le-souss-massa\/"},"modified":"2021-06-28T10:15:23","modified_gmt":"2021-06-28T14:15:23","slug":"mis-en-oeuvre-par-enabel-le-projet-depomi-lance-dans-le-souss-massa","status":"publish","type":"post","link":"https:\/\/linitiative.ca\/International\/mis-en-oeuvre-par-enabel-le-projet-depomi-lance-dans-le-souss-massa\/","title":{"rendered":"Mis en \u0153uvre par Enabel : Le projet Depomi lanc\u00e9 dans le Souss-Massa"},"content":{"rendered":"<div>\n<p><img decoding=\"async\" width=\"300\" height=\"153\" src=\"https:\/\/linitiative.ca\/International\/wp-content\/uploads\/sites\/23\/2021\/06\/Agadir-tourisme-300x153-1.jpg\" class=\"attachment-medium size-medium wp-post-image\" alt=\"\" loading=\"lazy\" srcset=\"\/\/aujourdhui.ma\/wp-content\/uploads\/2020\/12\/Agadir-tourisme-300x153.jpg 300w, \/\/aujourdhui.ma\/wp-content\/uploads\/2020\/12\/Agadir-tourisme-274x140.jpg 274w, \/\/aujourdhui.ma\/wp-content\/uploads\/2020\/12\/Agadir-tourisme.jpg 746w, \/\/aujourdhui.ma\/wp-content\/uploads\/2020\/12\/Agadir-tourisme-165x84.jpg 165w, \/\/aujourdhui.ma\/wp-content\/uploads\/2020\/12\/Agadir-tourisme-702x358.jpg 702w\" sizes=\"auto, (max-width: 300px) 100vw, 300px\"><\/p>\n<p><span style=\"color: #800000;\"><strong><\/p>\n<div class=\"base-box mom_box_sc_custom mom_box_sc clear\" style=\"-moz-border-radius: 5px; border-radius: 5px;background-color:#fddeef;\">\n<p><span style=\"color: #800000;\"><strong>A terme, le projet Depomi pr\u00e9voit d\u2019atteindre les r\u00e9sultats relatifs au renforcement des comp\u00e9tences des acteurs partenaires et de la gouvernance pour l\u2019accompagnement de la migration.<\/strong> <\/span><\/p>\n<p><span style=\"color: #800000;\"><strong>\u00a0<\/strong><\/span><\/p>\n<\/div>\n<p><\/strong><\/span><br \/>\nLe projet \u00abD\u00e9ploiement des politiques migratoires au niveau r\u00e9gional\u00bb (DEPOMI) a \u00e9t\u00e9 lanc\u00e9 officiellement vendredi au niveau de la r\u00e9gion Souss-Massa, et qui vient pour int\u00e9grer progressivement la dimension de la migration dans les politiques et strat\u00e9gies publiques au niveau de cette r\u00e9gion.<br \/>\nCe projet, financ\u00e9 par l\u2019Union europ\u00e9enne via le Fonds fiduciaire d\u2019urgence (FFU), va permettre au minist\u00e8re d\u00e9l\u00e9gu\u00e9 charg\u00e9 des Marocains r\u00e9sidant \u00e0 l\u2019\u00e9tranger d\u2019int\u00e9grer d\u2019une mani\u00e8re progressive et coordonn\u00e9e la dimension de la migration et le d\u00e9veloppement dans les politiques et strat\u00e9gies publiques aux niveaux national et r\u00e9gional.<br \/>\nEn effet, le processus de r\u00e9gionalisation avanc\u00e9e est une opportunit\u00e9 pour mettre les r\u00e9gions au c\u0153ur de la mise en \u0153uvre de la Strat\u00e9gie nationale au profit des Marocains r\u00e9sidant \u00e0 l\u2019\u00e9tranger (SNMRE) et la Strat\u00e9gie nationale d\u2019immigration et d\u2019asile (SNIA), dans les r\u00e9gions concern\u00e9es par le projet, \u00e0 savoir l\u2019Oriental, B\u00e9ni Mellal-Kh\u00e9nifra et Souss-Massa, qui pr\u00e9sentent des r\u00e9alit\u00e9s migratoires diff\u00e9rentes, et o\u00f9 les acteurs locaux sont les mieux plac\u00e9s pour analyser et g\u00e9rer la dynamique migratoire sp\u00e9cifique propre \u00e0 leur territoire afin d\u2019en faire un levier efficace pour le d\u00e9veloppement \u00e9conomique et social.<\/p>\n<p>La mise en \u0153uvre du projet est confi\u00e9e \u00e0 Enabel, l\u2019Agence belge de d\u00e9veloppement, en coordination avec tous les acteurs concern\u00e9s. Le budget allou\u00e9 \u00e0 ce projet est de huit millions d\u2019euros.<br \/>\nA terme, le projet Depomi pr\u00e9voit d\u2019atteindre les r\u00e9sultats relatifs au renforcement des comp\u00e9tences des acteurs partenaires et de la gouvernance pour l\u2019accompagnement de la migration. Une feuille de route ayant trait \u00e0 la mobilisation des comp\u00e9tences et la promotion de l\u2019entrepreneuriat des Marocains r\u00e9sidant \u00e0 l\u2019\u00e9tranger au niveau territorial, ainsi que la d\u00e9clinaison r\u00e9gionale de la politique migratoire sera \u00e9labor\u00e9e par r\u00e9gion pour instaurer un m\u00e9canisme de concertation et de coordination des acteurs qui s\u2019appuie sur l\u2019int\u00e9gration r\u00e9gionale et locale.<\/p>\n<p>Par ailleurs, le projet pr\u00e9voit \u00e9galement le renforcement du partenariat avec les organisations de la soci\u00e9t\u00e9 civile pour l\u2019atteinte de r\u00e9sultats escompt\u00e9s ainsi que le d\u00e9veloppement de la recherche scientifique gr\u00e2ce \u00e0 une collaboration entre les universit\u00e9s marocaines et europ\u00e9ennes. L\u2019objectif de cette derni\u00e8re est de cr\u00e9er de la connaissance, d\u2019approfondir la recherche dans certains domaines y aff\u00e9rents et de mettre \u00e0 la disposition de ces r\u00e9gions toutes les informations et donn\u00e9es n\u00e9cessaires pour mieux int\u00e9grer la migration et le d\u00e9veloppement d\u2019une mani\u00e8re efficace dans les diff\u00e9rents projets et initiatives ayant trait au d\u00e9veloppement local.<\/p>\n<p>Notons que la c\u00e9r\u00e9monie de lancement de ce projet au niveau de Souss-Massa \u00e9t\u00e9 pr\u00e9sid\u00e9e par Nezha El Ouafi, ministre d\u00e9l\u00e9gu\u00e9e aupr\u00e8s du ministre des affaires \u00e9trang\u00e8res, de la coop\u00e9ration africaine et des Marocains r\u00e9sidant \u00e0 l\u2019\u00e9tranger, charg\u00e9e des Marocains r\u00e9sidant \u00e0 l\u2019\u00e9tranger.<\/p>\n<\/div>\n<p>Auteur: Mohamed Laabid<br \/>\n<a href=\"https:\/\/aujourdhui.ma\/economie\/mis-en-oeuvre-par-enabel-le-projet-depomi-lance-dans-le-souss-massa\">Cliquez ici pour lire l&rsquo;article depuis sa source.<\/a><\/p>\n","protected":false},"excerpt":{"rendered":"<p>A terme, le projet Depomi pr\u00e9voit d\u2019atteindre les r\u00e9sultats relatifs au renforcement des comp\u00e9tences des acteurs partenaires et de la gouvernance pour l\u2019accompagnement de la migration. \u00a0 Le projet \u00abD\u00e9ploiement des politiques migratoires au niveau r\u00e9gional\u00bb (DEPOMI) a \u00e9t\u00e9 lanc\u00e9 officiellement vendredi au niveau de la r\u00e9gion Souss-Massa, et qui vient pour int\u00e9grer progressivement la [&hellip;]<\/p>\n","protected":false},"author":1759,"featured_media":0,"comment_status":"closed","ping_status":"closed","sticky":false,"template":"","format":"standard","meta":{"fifu_image_url":"https:\/\/aujourdhui.ma\/wp-content\/uploads\/2020\/12\/Agadir-tourisme-300x153.jpg","fifu_image_alt":"Mis en \u0153uvre par Enabel : Le projet Depomi lanc\u00e9 dans le Souss-Massa","footnotes":""},"categories":[73,54],"tags":[],"class_list":["post-119724","post","type-post","status-publish","format-standard","hentry","category-actualite","category-maroc"],"_links":{"self":[{"href":"https:\/\/linitiative.ca\/International\/wp-json\/wp\/v2\/posts\/119724","targetHints":{"allow":["GET"]}}],"collection":[{"href":"https:\/\/linitiative.ca\/International\/wp-json\/wp\/v2\/posts"}],"about":[{"href":"https:\/\/linitiative.ca\/International\/wp-json\/wp\/v2\/types\/post"}],"author":[{"embeddable":true,"href":"https:\/\/linitiative.ca\/International\/wp-json\/wp\/v2\/users\/1759"}],"replies":[{"embeddable":true,"href":"https:\/\/linitiative.ca\/International\/wp-json\/wp\/v2\/comments?post=119724"}],"version-history":[{"count":0,"href":"https:\/\/linitiative.ca\/International\/wp-json\/wp\/v2\/posts\/119724\/revisions"}],"wp:attachment":[{"href":"https:\/\/linitiative.ca\/International\/wp-json\/wp\/v2\/media?parent=119724"}],"wp:term":[{"taxonomy":"category","embeddable":true,"href":"https:\/\/linitiative.ca\/International\/wp-json\/wp\/v2\/categories?post=119724"},{"taxonomy":"post_tag","embeddable":true,"href":"https:\/\/linitiative.ca\/International\/wp-json\/wp\/v2\/tags?post=119724"}],"curies":[{"name":"wp","href":"https:\/\/api.w.org\/{rel}","templated":true}]}}