{"id":119726,"date":"2021-06-28T10:41:50","date_gmt":"2021-06-28T14:41:50","guid":{"rendered":"https:\/\/linitiative.ca\/International\/pour-renforcer-la-chaine-de-valeur-agricole-africaine-ocp-et-ifc-signent-un-accord-de-100-millions-de-dollars\/"},"modified":"2021-06-28T10:41:50","modified_gmt":"2021-06-28T14:41:50","slug":"pour-renforcer-la-chaine-de-valeur-agricole-africaine-ocp-et-ifc-signent-un-accord-de-100-millions-de-dollars","status":"publish","type":"post","link":"https:\/\/linitiative.ca\/International\/pour-renforcer-la-chaine-de-valeur-agricole-africaine-ocp-et-ifc-signent-un-accord-de-100-millions-de-dollars\/","title":{"rendered":"Pour renforcer la cha\u00eene de valeur agricole africaine : OCP et IFC signent un accord de 100 millions de dollars"},"content":{"rendered":"<div>\n<p><img decoding=\"async\" width=\"300\" height=\"153\" src=\"https:\/\/linitiative.ca\/International\/wp-content\/uploads\/sites\/23\/2021\/06\/IFC-et-OCP-300x153-1.jpg\" class=\"attachment-medium size-medium wp-post-image\" alt=\"\" loading=\"lazy\" srcset=\"\/\/aujourdhui.ma\/wp-content\/uploads\/2021\/06\/IFC-et-OCP-300x153.jpg 300w, \/\/aujourdhui.ma\/wp-content\/uploads\/2021\/06\/IFC-et-OCP-274x140.jpg 274w, \/\/aujourdhui.ma\/wp-content\/uploads\/2021\/06\/IFC-et-OCP.jpg 746w, \/\/aujourdhui.ma\/wp-content\/uploads\/2021\/06\/IFC-et-OCP-165x84.jpg 165w, \/\/aujourdhui.ma\/wp-content\/uploads\/2021\/06\/IFC-et-OCP-702x358.jpg 702w\" sizes=\"auto, (max-width: 300px) 100vw, 300px\"><\/p>\n<p><span style=\"color: #800000;\"><strong><span style=\"font-size: 20px;\">OCP et IFC viennent de signer un accord de financement de taille.<\/span> <\/strong><\/span><span id=\"more-380240\"><\/span><\/p>\n<p>Il s\u2019agit d\u2019un partenariat visant \u00e0 soutenir les efforts du Groupe OCP dans la consolidation de ses cha\u00eenes de valeur en Afrique, \u00e0 contribuer au d\u00e9veloppement \u00e9conomique du continent et \u00e0 favoriser l\u2019\u00e9mergence de syst\u00e8mes alimentaires durables dans la r\u00e9gion. Selon un communiqu\u00e9 du Groupe, OCP Africa s\u2019appuiera sur ce financement de 100 millions de dollars pour renforcer sa cha\u00eene logistique et am\u00e9liorer la disponibilit\u00e9 d\u2019engrais adapt\u00e9s aux sols et cultures locales, en C\u00f4te d\u2019Ivoire, en Ethiopie, au Ghana, au Kenya, au Nigeria, au S\u00e9n\u00e9gal et en Tanzanie.<\/p>\n<p>Ainsi, les fonds serviront aussi au d\u00e9veloppement de nouveaux programmes d\u2019accompagnement destin\u00e9s aux agriculteurs locaux. \u00abNous continuons de renforcer le partenariat strat\u00e9gique entre le Groupe OCP et IFC.<\/p>\n<p>L\u2019accord sign\u00e9 aujourd\u2019hui t\u00e9moigne des valeurs communes et du niveau \u00e9lev\u00e9 de confiance que partagent nos institutions. Nous sommes pleinement engag\u00e9s pour g\u00e9n\u00e9rer une croissance durable et inclusive, tout en maximisant le potentiel des ressources en phosphate. \u00c0 travers ce nouvel accord, nous pourrons soutenir plus de cultures, plus d\u2019agriculteurs, plus de communaut\u00e9s, plus d\u2019\u00e9cosyst\u00e8mes, afin de mieux nourrir la plan\u00e8te. Nous concr\u00e9tisons ainsi une nouvelle \u00e9tape dans la r\u00e9alisation de notre objectif commun de d\u00e9velopper une agriculture durable en Afrique, qui permettra au continent de jouer pleinement son r\u00f4le en mati\u00e8re de s\u00e9curit\u00e9 alimentaire au niveau mondial\u00bb, souligne Mostafa Terrab, pr\u00e9sident-directeur g\u00e9n\u00e9ral du Groupe OCP.<\/p>\n<p>Quant \u00e0 Makhtar Diop, directeur g\u00e9n\u00e9ral d\u2019IFC, \u00abce partenariat avec OCP s\u2019inscrit dans le cadre de la strat\u00e9gie d\u2019IFC visant \u00e0 promouvoir l\u2019int\u00e9gration r\u00e9gionale \u00e0 travers le soutien au d\u00e9veloppement d\u2019un champion marocain en Afrique subsaharienne, ce qui cr\u00e9era des emplois et encouragera le transfert de technologies. \u00c0 travers ce partenariat, les petits producteurs pourront acc\u00e9der \u00e0 des pratiques agricoles intelligentes sur le plan climatique, ce qui leur permettra d\u2019am\u00e9liorer leur productivit\u00e9 et ainsi leurs moyens de subsistance. Ceci permettra \u00e9galement aux communaut\u00e9s locales d\u2019\u00eatre plus r\u00e9silientes face aux effets du changement climatique\u00bb. En plus de ce financement, les deux parties ont lanc\u00e9 des projets communs dans les domaines de l\u2019am\u00e9lioration de la gouvernance d\u2019entreprise et la promotion de la diversit\u00e9 des genres.<\/p>\n<\/div>\n<p>Auteur: ALM<br \/>\n<a href=\"https:\/\/aujourdhui.ma\/economie\/pour-renforcer-la-chaine-de-valeur-agricole-africaine-ocp-et-ifc-signent-un-accord-de-100-millions-de-dollars\">Cliquez ici pour lire l&rsquo;article depuis sa source.<\/a><\/p>\n","protected":false},"excerpt":{"rendered":"<p>OCP et IFC viennent de signer un accord de financement de taille. Il s\u2019agit d\u2019un partenariat visant \u00e0 soutenir les efforts du Groupe OCP dans la consolidation de ses cha\u00eenes de valeur en Afrique, \u00e0 contribuer au d\u00e9veloppement \u00e9conomique du continent et \u00e0 favoriser l\u2019\u00e9mergence de syst\u00e8mes alimentaires durables dans la r\u00e9gion. Selon un communiqu\u00e9 [&hellip;]<\/p>\n","protected":false},"author":1759,"featured_media":0,"comment_status":"closed","ping_status":"closed","sticky":false,"template":"","format":"standard","meta":{"fifu_image_url":"https:\/\/aujourdhui.ma\/wp-content\/uploads\/2021\/06\/IFC-et-OCP-300x153.jpg","fifu_image_alt":"Pour renforcer la cha\u00eene de valeur agricole africaine : OCP et IFC signent un accord de 100 millions de dollars","footnotes":""},"categories":[73,54],"tags":[],"class_list":["post-119726","post","type-post","status-publish","format-standard","hentry","category-actualite","category-maroc"],"_links":{"self":[{"href":"https:\/\/linitiative.ca\/International\/wp-json\/wp\/v2\/posts\/119726","targetHints":{"allow":["GET"]}}],"collection":[{"href":"https:\/\/linitiative.ca\/International\/wp-json\/wp\/v2\/posts"}],"about":[{"href":"https:\/\/linitiative.ca\/International\/wp-json\/wp\/v2\/types\/post"}],"author":[{"embeddable":true,"href":"https:\/\/linitiative.ca\/International\/wp-json\/wp\/v2\/users\/1759"}],"replies":[{"embeddable":true,"href":"https:\/\/linitiative.ca\/International\/wp-json\/wp\/v2\/comments?post=119726"}],"version-history":[{"count":0,"href":"https:\/\/linitiative.ca\/International\/wp-json\/wp\/v2\/posts\/119726\/revisions"}],"wp:attachment":[{"href":"https:\/\/linitiative.ca\/International\/wp-json\/wp\/v2\/media?parent=119726"}],"wp:term":[{"taxonomy":"category","embeddable":true,"href":"https:\/\/linitiative.ca\/International\/wp-json\/wp\/v2\/categories?post=119726"},{"taxonomy":"post_tag","embeddable":true,"href":"https:\/\/linitiative.ca\/International\/wp-json\/wp\/v2\/tags?post=119726"}],"curies":[{"name":"wp","href":"https:\/\/api.w.org\/{rel}","templated":true}]}}