{"id":119735,"date":"2021-06-28T11:29:30","date_gmt":"2021-06-28T15:29:30","guid":{"rendered":"https:\/\/linitiative.ca\/International\/alexandre-deniot-en-afrique-il-y-a-une-progression-de-84-du-revenu-de-la-musique-enregistree\/"},"modified":"2021-06-28T11:29:30","modified_gmt":"2021-06-28T15:29:30","slug":"alexandre-deniot-en-afrique-il-y-a-une-progression-de-84-du-revenu-de-la-musique-enregistree","status":"publish","type":"post","link":"https:\/\/linitiative.ca\/International\/alexandre-deniot-en-afrique-il-y-a-une-progression-de-84-du-revenu-de-la-musique-enregistree\/","title":{"rendered":"Alexandre Deniot : \u00abEn Afrique, il y a une progression de 8,4% du revenu de la musique enregistr\u00e9e\u00bb"},"content":{"rendered":"<div>\n<p><img decoding=\"async\" width=\"300\" height=\"153\" src=\"https:\/\/linitiative.ca\/International\/wp-content\/uploads\/sites\/23\/2021\/06\/Alexandre-Deniot-300x153-1.jpg\" class=\"attachment-medium size-medium wp-post-image\" alt=\"\" loading=\"lazy\" srcset=\"\/\/aujourdhui.ma\/wp-content\/uploads\/2021\/06\/Alexandre-Deniot-300x153.jpg 300w, \/\/aujourdhui.ma\/wp-content\/uploads\/2021\/06\/Alexandre-Deniot-274x140.jpg 274w, \/\/aujourdhui.ma\/wp-content\/uploads\/2021\/06\/Alexandre-Deniot.jpg 746w, \/\/aujourdhui.ma\/wp-content\/uploads\/2021\/06\/Alexandre-Deniot-165x84.jpg 165w, \/\/aujourdhui.ma\/wp-content\/uploads\/2021\/06\/Alexandre-Deniot-702x358.jpg 702w\" sizes=\"auto, (max-width: 300px) 100vw, 300px\"><\/p>\n<p><span style=\"color: #800000; font-size: 18px;\"><strong>Entretien avec Alexandre Deniot, directeur du Midem Africa<\/strong><\/span><\/p>\n<div class=\"base-box mom_box_sc_custom mom_box_sc clear\" style=\"-moz-border-radius: 5px; border-radius: 5px;background-color:#fdd8c6;\">\n<p><strong>Midem Africa est le tout premier \u00e9v\u00e9nement digital panafricain au monde pour les professionnels de la musique. Cette grande manifestation, qui se tient du 28 juin au 1er juillet avec comme pays d\u2019honneur le Kenya, a la particularit\u00e9 d\u2019\u00eatre gratuite comme le pr\u00e9cise le directeur Alexandre Deniot. Le responsable met \u00e9galement en avant les opportunit\u00e9s qu\u2019offre cet \u00e9v\u00e9nement pour les artistes africains. Le tout en livrant son regard sur l\u2019\u00e9volution de l\u2019industrie musicale au Maroc et sur le continent.<\/strong><\/p>\n<\/div>\n<p><strong><span style=\"color: #ff0000;\">ALM<\/span> : Qu\u2019est-ce qui vous a d\u00e9cid\u00e9 \u00e0 organiser un \u00e9v\u00e9nement d\u00e9di\u00e9 \u00e0 l\u2019Afrique au d\u00e9part de France, notamment dans un contexte marqu\u00e9 par la crise sanitaire et \u00e9conomique ?<\/strong><\/p>\n<p><strong><span style=\"color: #ff0000;\">Alexandre Deniot<\/span> <\/strong>: Nous avons r\u00e9alis\u00e9 depuis 2018 dix \u00e9v\u00e9nements locaux dans 7 pays africains (S\u00e9n\u00e9gal, Nigeria, C\u00f4te d\u2019Ivoire, Afrique du Sud, R\u00e9publique D\u00e9mocratique du Congo, Cameroun et Gabon) et aujourd\u2019hui le Midem Africa est la continuit\u00e9 de notre implication sur le continent. Notre initiative vise \u00e0 accompagner la professionnalisation et la structuration des march\u00e9s de la musique en Afrique. Nous souhaitons soutenir activement notre communaut\u00e9 et cr\u00e9er des liens entre les professionnels et artistes au niveau international. Notre \u00e9v\u00e9nement \u00e9tait initialement pr\u00e9vu en pr\u00e9sentiel et en Afrique mais compte tenu des conditions sanitaires nous avons opt\u00e9 pour une \u00e9dition 100% digitale.<br \/>\nCependant gr\u00e2ce au soutien de l\u2019Alliance Fran\u00e7aise, nous aurons tout de m\u00eame une pr\u00e9sence physique dans 9 pays et 11 villes africaines au sein des Instituts Fran\u00e7ais et notamment au Maroc.<\/p>\n<p><strong>Quelle serait la valeur ajout\u00e9e de cette version digitale par rapport au format pr\u00e9sentiel du Midem Africa ?<\/strong><\/p>\n<p>Le point fort du digital est avant tout l\u2019acc\u00e8s. Il suffit d\u2019une connexion internet \u00e0 partir d\u2019un mobile ou d\u2019un ordinateur pour participer \u00e0 l\u2019\u00e9v\u00e9nement et avoir acc\u00e8s aux outils de rencontres ainsi qu\u2019au contenu. Nous avons aujourd\u2019hui plus de 14 000 membres de 150 pays de par le monde qui utilisent activement notre plateforme. Le Midem Africa a pour objectif d\u2019aider \u00e0 la compr\u00e9hension des diff\u00e9rents march\u00e9s et les opportunit\u00e9s en Afrique, et d\u2019accompagner les artistes et professionnels \u00e0 d\u00e9velopper leur carri\u00e8re \u00e0 travers un programme d\u00e9di\u00e9. Les participants pourront acc\u00e9der \u00e0 des conf\u00e9rences anim\u00e9es par les meilleurs professionnels et d\u2019incroyables artistes tels que Mr Eazi, A\u2019 Salfo, Nomcebo Zikode et Youssou N\u2019Dour. Ils pourront \u00e9galement d\u00e9couvrir les jeunes talents qui font bouger le continent \u00e0 travers des showcases. Enfin le Midem Africa est LA plateforme de connexion de la communaut\u00e9 mondiale de la musique. Nous proposerons une s\u00e9rie de rencontres\/networkings pour l\u2019ensemble des participants. De plus nous mettons \u00e0 leur disposition des outils pratiques pour faciliter les \u00e9changes et les rencontres.<br \/>\nEt ce n\u2019est pas tout ! L\u2019acc\u00e8s n\u2019est pas limit\u00e9 aux quatre jours de l\u2019\u00e9v\u00e9nement mais il le sera pour de bon. Ainsi, les artistes et les professionnels pourront continuer \u00e0 \u00e9changer, se rencontrer, acc\u00e9der au contenu en ligne \u00e0 la demande.<br \/>\nLe r\u00f4le du Midem est de faciliter les rencontres entre artistes et professionnels du monde entier et g\u00e9n\u00e9rer des opportunit\u00e9s de business et artistiques.<\/p>\n<p><strong>Le Midem Africa rappelle l\u2019\u00e9v\u00e9nement marocain \u00abVisa for music\u00bb. Envisagez-vous \u00e9ventuellement de nouer des partenariats avec celui-ci ?<\/strong><\/p>\n<p>Nous sommes ouverts \u00e0 des partenariats avec l\u2019ensemble des acteurs sur le continent, notamment \u00abVisa for music\u00bb. Nous sommes l\u00e0 pour travailler avec l\u2019ensemble des acteurs locaux, notre d\u00e9marche est inclusive car c\u2019est ensemble que nous pourrons faire \u00e9voluer les choses sur le plan de la structuration des march\u00e9 et la professionnalisation. Nous appr\u00e9cions le travail exemplaire qui est fait par les \u00e9quipes de \u00abVisa for music depuis des ann\u00e9es et d\u2019ailleurs, nous avons, entre autres, comme intervenant Brahim El Mazned, fondateur de \u00abVisa for music\u00bb. Le Maroc et l\u2019Afrique du Nord jouent un r\u00f4le cl\u00e9 dans le d\u00e9veloppement de l\u2019\u00e9conomie de la musique sur le continent.<\/p>\n<p><strong>Et quel suivi offrirez-vous aux artistes apr\u00e8s le Midem?<\/strong><\/p>\n<p>Notre plate-forme digitale est ouverte sur toute l\u2019ann\u00e9e. Elle offre une inscription gratuite et permet l\u2019acc\u00e8s \u00e0 du contenu, \u00e0 du networking avec des professionnels, artistes et managers du monde entier, \u00e0 des informations sur l\u2019industrie de la musique, des formations, workshops sur diff\u00e9rentes th\u00e9matiques. Elle permet \u00e9galement de d\u00e9couvrir des artistes et de se connecter avec des professionnels \u00e0 n\u2019importe quel moment.<\/p>\n<p><strong>Qu\u2019en est-il du regard que vous portez sur l\u2019industrie musicale dans le Royaume et dans le continent ?<\/strong><\/p>\n<p>J\u2019observe une dynamique tr\u00e8s int\u00e9ressante et encourageante. En Afrique, il y a une progression de 8,4% du revenu de la musique enregistr\u00e9e. Cette croissance est tir\u00e9e par celle de 37,8% au MENA (Middle East and North Africa).<br \/>\nDe plus, une nouvelle g\u00e9n\u00e9ration d\u2019artistes talentueux marocains est en train d\u2019\u00e9merger sur la sc\u00e8ne internationale comme les rappeurs El Grande Toto, de son vrai nom Taha Fahssi, et Manal Benchlikha, qui ont su int\u00e9grer dans leur musique des influences am\u00e9ricaines et fran\u00e7aises. C\u2019est un m\u00e9lange de cultures qui leur permet de s\u2019internationaliser. Tous ces jeunes artistes marocains qui sont en train d\u2019exploser au niveau mondial ont int\u00e9gr\u00e9 ces influences tout en gardant leur identit\u00e9 marocaine et repr\u00e9sentent aujourd\u2019hui la nouvelle sc\u00e8ne. Quant au Midem, il permet \u00e0 ces artistes \u00e9galement de se faire conna\u00eetre et de se connecter avec les professionnels qui d\u00e9velopperont leur carri\u00e8re de demain. Tout cela nous fait qu\u2019il s\u2019y passe quelque chose !<\/p>\n<p><strong>Auriez-vous des projets ?<\/strong><\/p>\n<p>Il y aura une deuxi\u00e8me \u00e9dition du Midem en format digital du 16 au 19 novembre 2021 qui sera un \u00e9v\u00e9nement global d\u00e9di\u00e9 \u00e0 toutes les r\u00e9gions du monde. Ce sera une manifestation qui aura pour r\u00f4le de nouer des partenariats et cr\u00e9er des opportunit\u00e9s de business et cr\u00e9atives.<\/p>\n<\/div>\n<p>Auteur: Salima Guisser<br \/>\n<a href=\"https:\/\/aujourdhui.ma\/culture\/alexandre-deniot-en-afrique-il-y-a-une-progression-de-84-du-revenu-de-la-musique-enregistree\">Cliquez ici pour lire l&rsquo;article depuis sa source.<\/a><\/p>\n","protected":false},"excerpt":{"rendered":"<p>Entretien avec Alexandre Deniot, directeur du Midem Africa Midem Africa est le tout premier \u00e9v\u00e9nement digital panafricain au monde pour les professionnels de la musique. Cette grande manifestation, qui se tient du 28 juin au 1er juillet avec comme pays d\u2019honneur le Kenya, a la particularit\u00e9 d\u2019\u00eatre gratuite comme le pr\u00e9cise le directeur Alexandre Deniot. [&hellip;]<\/p>\n","protected":false},"author":1759,"featured_media":0,"comment_status":"closed","ping_status":"closed","sticky":false,"template":"","format":"standard","meta":{"fifu_image_url":"https:\/\/aujourdhui.ma\/wp-content\/uploads\/2021\/06\/Alexandre-Deniot-300x153.jpg","fifu_image_alt":"Alexandre Deniot : \u00abEn Afrique, il y a une progression de 8,4% du revenu de la musique enregistr\u00e9e\u00bb","footnotes":""},"categories":[73,54],"tags":[],"class_list":["post-119735","post","type-post","status-publish","format-standard","hentry","category-actualite","category-maroc"],"_links":{"self":[{"href":"https:\/\/linitiative.ca\/International\/wp-json\/wp\/v2\/posts\/119735","targetHints":{"allow":["GET"]}}],"collection":[{"href":"https:\/\/linitiative.ca\/International\/wp-json\/wp\/v2\/posts"}],"about":[{"href":"https:\/\/linitiative.ca\/International\/wp-json\/wp\/v2\/types\/post"}],"author":[{"embeddable":true,"href":"https:\/\/linitiative.ca\/International\/wp-json\/wp\/v2\/users\/1759"}],"replies":[{"embeddable":true,"href":"https:\/\/linitiative.ca\/International\/wp-json\/wp\/v2\/comments?post=119735"}],"version-history":[{"count":0,"href":"https:\/\/linitiative.ca\/International\/wp-json\/wp\/v2\/posts\/119735\/revisions"}],"wp:attachment":[{"href":"https:\/\/linitiative.ca\/International\/wp-json\/wp\/v2\/media?parent=119735"}],"wp:term":[{"taxonomy":"category","embeddable":true,"href":"https:\/\/linitiative.ca\/International\/wp-json\/wp\/v2\/categories?post=119735"},{"taxonomy":"post_tag","embeddable":true,"href":"https:\/\/linitiative.ca\/International\/wp-json\/wp\/v2\/tags?post=119735"}],"curies":[{"name":"wp","href":"https:\/\/api.w.org\/{rel}","templated":true}]}}