{"id":119740,"date":"2021-06-27T14:00:00","date_gmt":"2021-06-27T18:00:00","guid":{"rendered":"https:\/\/linitiative.ca\/International\/le-cdh-interpelle-sur-la-responsabilite-et-la-cupidite-du-regime-algerien\/"},"modified":"2021-06-27T14:00:00","modified_gmt":"2021-06-27T18:00:00","slug":"le-cdh-interpelle-sur-la-responsabilite-et-la-cupidite-du-regime-algerien","status":"publish","type":"post","link":"https:\/\/linitiative.ca\/International\/le-cdh-interpelle-sur-la-responsabilite-et-la-cupidite-du-regime-algerien\/","title":{"rendered":"Le CDH interpell\u00e9 sur la responsabilit\u00e9 et la cupidit\u00e9 du r\u00e9gime alg\u00e9rien"},"content":{"rendered":"<div>\n<p class=\"has-text-align-center has-vivid-cyan-blue-color has-text-color\"><strong>D\u00e9tournement des aides humanitaires<\/strong><\/p>\n<p class=\"has-vivid-red-color has-text-color\"><strong>La d\u00e9l\u00e9gation marocaine prenant part \u00e0 la session du Conseil des droits de l\u2019homme (CDH) a d\u00e9nonc\u00e9, jeudi, dans les termes les plus forts, les actes d\u00e9plorables et la cupidit\u00e9 dont s\u2019est rendu coupable le r\u00e9gime alg\u00e9rien notamment en ce qui concerne les d\u00e9tournements de l\u2019aide humanitaire destin\u00e9e aux populations des camps de Tindouf.<\/strong><\/p>\n<p>Intervenant au titre du Dialogue Interactif avec l\u2019Expert Ind\u00e9pendant sur la Solidarit\u00e9 Internationale, dans le cadre de la 47\u00e8me session du CDH, la d\u00e9l\u00e9gation marocaine a point\u00e9 dans une d\u00e9claration la responsabilit\u00e9 du r\u00e9gime alg\u00e9rien dans les d\u00e9tournements de l\u2019aide humanitaire de l\u2019ordre de 105 millions d\u2019euros entre 1994 et 2004, accord\u00e9e par l\u2019Union Europ\u00e9enne \u00e0 la population des camps de Tindouf, d\u00e9tournement d\u00fbment document\u00e9 par les instances comp\u00e9tentes.<\/p>\n<p>\u00abIl est pitoyable qu\u2019un pays comme l\u2019Alg\u00e9rie puisse, par avidit\u00e9, pr\u00e9lever une taxe de 5 % sur cette aide \u00bb, a affirm\u00e9 la d\u00e9l\u00e9gation marocaine, soulignant que le Royaume appelle \u00e0 forcer l\u2019audit sur l\u2019utilisation de l\u2019aide humanitaire avanc\u00e9e, et \u00e0 l\u2019enregistrement des populations des camps de Tindouf en Alg\u00e9rie, tel que pr\u00e9conis\u00e9 par le Conseil de S\u00e9curit\u00e9, le HCR et le Parlement Europ\u00e9en, et refus\u00e9 par le r\u00e9gime alg\u00e9rien, pour des raisons strictement politiques, en violation du droit international humanitaire.<\/p>\n<p>\u00abBeaucoup plus grave encore, ces populations isol\u00e9es, sous contr\u00f4le des forces alg\u00e9riennes, depuis plus de 45 ans, sont sous la veille et l\u2019embrigadement des milices s\u00e9paratistes, renforc\u00e9es par des armes de toute sortes, y compris des missiles et blind\u00e9s, arsenaux fournis directement par les autorit\u00e9s alg\u00e9riennes, au vu et au su de tout le monde\u00bb, a fait remarquer la d\u00e9l\u00e9gation.<\/p>\n<p>La d\u00e9l\u00e9gation a saisi l\u2019occasion de ce dialogue avec l\u2019Expert Ind\u00e9pendant sur la Solidarit\u00e9 Internationale, pour mettre \u00e0 nu les agissements et les man\u0153uvres du r\u00e9gime alg\u00e9rien contre l\u2019int\u00e9grit\u00e9 territoriale du Maroc.<\/p>\n<p>\u00abDe quelle solidarit\u00e9 parle-t-on lorsqu\u2019on mobilise des milliards de dollars depuis des d\u00e9cennies, pour porter atteinte \u00e0 l\u2019int\u00e9grit\u00e9 territoriale d\u2019un pays voisin ?\u00bb Existe-t-il un concept de solidarit\u00e9 d\u2019agression ?\u00bb s\u2019est-elle interrog\u00e9e, notant que de \u00ab telles questions sont pos\u00e9es \u00e0 la junte responsable de ces violations criardes du Droit International Humanitaire et donc des droits de l\u2019Homme, tel que notre Conseil cherche \u00e0 les promouvoir\u00bb, s\u2019est-elle interrog\u00e9e.<\/p>\n<p>R\u00e9futant les all\u00e9gations mensong\u00e8res du repr\u00e9sentant de l\u2019Alg\u00e9rie, la d\u00e9l\u00e9gation marocaine a rappel\u00e9 que \u00able Sahara marocain est aujourd\u2019hui un havre de solidarit\u00e9, de paix et de d\u00e9veloppement \u00e9conomique\u00bb.<\/p>\n<p>\u00abLes gouvernants alg\u00e9riens devraient s\u2019y inspirer s\u2019ils avaient la moindre volont\u00e9 de r\u00e9pondre aux besoins pressants de leurs citoyens, qui manifestent par millions depuis plus de deux ans, d\u00e9criant le d\u00e9sastre de la gouvernance dans leur pays, dont les moyens, financiers, diplomatiques et de propagande, sont mobilis\u00e9s dans des op\u00e9rations de concussion, uniquement dans le but de nuire au Maroc et cela en vain, et pour toujours\u00bb, a-t-elle ajout\u00e9.<\/p>\n<p>L\u2019article <a rel=\"nofollow\" href=\"http:\/\/albayane.press.ma\/le-cdh-interpelle-sur-la-responsabilite-et-la-cupidite-du-regime-algerien.html\">Le CDH interpell\u00e9 sur la responsabilit\u00e9 et la cupidit\u00e9 du r\u00e9gime alg\u00e9rien<\/a> est apparu en premier sur <a rel=\"nofollow\" href=\"http:\/\/albayane.press.ma\/\">ALBAYANE<\/a>.<\/p>\n<\/div>\n<p>Auteur: M&rsquo;hammed rahal<br \/>\n<a href=\"http:\/\/albayane.press.ma\/le-cdh-interpelle-sur-la-responsabilite-et-la-cupidite-du-regime-algerien.html\">Cliquez ici pour lire l&rsquo;article depuis sa source.<\/a><\/p>\n","protected":false},"excerpt":{"rendered":"<p>D\u00e9tournement des aides humanitaires La d\u00e9l\u00e9gation marocaine prenant part \u00e0 la session du Conseil des droits de l\u2019homme (CDH) a d\u00e9nonc\u00e9, jeudi, dans les termes les plus forts, les actes d\u00e9plorables et la cupidit\u00e9 dont s\u2019est rendu coupable le r\u00e9gime alg\u00e9rien notamment en ce qui concerne les d\u00e9tournements de l\u2019aide humanitaire destin\u00e9e aux populations des [&hellip;]<\/p>\n","protected":false},"author":1760,"featured_media":0,"comment_status":"closed","ping_status":"closed","sticky":false,"template":"","format":"standard","meta":{"fifu_image_url":"","fifu_image_alt":"","footnotes":""},"categories":[73,54],"tags":[],"class_list":["post-119740","post","type-post","status-publish","format-standard","hentry","category-actualite","category-maroc"],"_links":{"self":[{"href":"https:\/\/linitiative.ca\/International\/wp-json\/wp\/v2\/posts\/119740","targetHints":{"allow":["GET"]}}],"collection":[{"href":"https:\/\/linitiative.ca\/International\/wp-json\/wp\/v2\/posts"}],"about":[{"href":"https:\/\/linitiative.ca\/International\/wp-json\/wp\/v2\/types\/post"}],"author":[{"embeddable":true,"href":"https:\/\/linitiative.ca\/International\/wp-json\/wp\/v2\/users\/1760"}],"replies":[{"embeddable":true,"href":"https:\/\/linitiative.ca\/International\/wp-json\/wp\/v2\/comments?post=119740"}],"version-history":[{"count":0,"href":"https:\/\/linitiative.ca\/International\/wp-json\/wp\/v2\/posts\/119740\/revisions"}],"wp:attachment":[{"href":"https:\/\/linitiative.ca\/International\/wp-json\/wp\/v2\/media?parent=119740"}],"wp:term":[{"taxonomy":"category","embeddable":true,"href":"https:\/\/linitiative.ca\/International\/wp-json\/wp\/v2\/categories?post=119740"},{"taxonomy":"post_tag","embeddable":true,"href":"https:\/\/linitiative.ca\/International\/wp-json\/wp\/v2\/tags?post=119740"}],"curies":[{"name":"wp","href":"https:\/\/api.w.org\/{rel}","templated":true}]}}