{"id":119743,"date":"2021-06-27T14:00:00","date_gmt":"2021-06-27T18:00:00","guid":{"rendered":"https:\/\/linitiative.ca\/International\/le-maroc-apprecie-la-position-claire-et-constante-du-liberia\/"},"modified":"2021-06-27T14:00:00","modified_gmt":"2021-06-27T18:00:00","slug":"le-maroc-apprecie-la-position-claire-et-constante-du-liberia","status":"publish","type":"post","link":"https:\/\/linitiative.ca\/International\/le-maroc-apprecie-la-position-claire-et-constante-du-liberia\/","title":{"rendered":"Le Maroc appr\u00e9cie la position \u00abclaire et constante\u00bb du Liberia"},"content":{"rendered":"<div>\n<p class=\"has-text-align-center has-vivid-red-color has-text-color\"><strong>Sahara marocain<\/strong><\/p>\n<p class=\"has-text-color\" style=\"color:#064ae5\"><strong>Le Maroc appr\u00e9cie la position \u00ab\u00a0claire et constante\u00a0\u00bb du Liberia concernant la question du Sahara marocain, a affirm\u00e9, jeudi \u00e0 Rabat, le ministre des Affaires \u00e9trang\u00e8res, de la Coop\u00e9ration africaine et des Marocains r\u00e9sidant \u00e0 l\u2019\u00e9tranger, Nasser Bourita.<\/strong><\/p>\n<p>Le Liberia, qui a retir\u00e9 sa reconnaissance de la pseudo rasd en 1999, a depuis marqu\u00e9 un soutien ferme \u00e0 l\u2019int\u00e9grit\u00e9 territoriale du Maroc et \u00e0 sa souverainet\u00e9 nationale, a soulign\u00e9 M. Bourita dans une d\u00e9claration \u00e0 la presse \u00e0 l\u2019issue de ses entretiens avec le ministre lib\u00e9rien des Affaires \u00e9trang\u00e8res, Dee-Maxwell Saah Kemayah Sr.<\/p>\n<p>Le ministre a aussi rappel\u00e9 que le Liberia a \u00e9t\u00e9 parmi les premiers pays \u00e0 ouvrir un consulat \u00e0 Dakhla et \u00e0 exprimer de mani\u00e8re constante son soutien \u00e0 la marocanit\u00e9 du Sahara.<\/p>\n<p>M. Bourita a par ailleurs indiqu\u00e9 que l\u2019entretien avec son homologue lib\u00e9rien a \u00e9t\u00e9 l\u2019occasion de mettre en exergue la forte dynamique des relations bilat\u00e9rales sous l\u2019impulsion des deux Chefs d\u2019Etat.<\/p>\n<p>L\u2019entrevue a permis de convenir de concr\u00e9tiser l\u2019ambition port\u00e9e par les deux Chefs d\u2019\u00c9tat de promouvoir ces relations \u00e0 travers la feuille de route sign\u00e9e ce jeudi et qui contient une s\u00e9rie d\u2019actions portant sur plusieurs secteurs.<\/p>\n<p>Les deux parties ont aussi convenu de tenir la prochaine session de la commission mixte au d\u00e9but de l\u2019ann\u00e9e prochaine pour notamment faire le point sur les r\u00e9alisations depuis la derni\u00e8re session en 2019 et de fixer des priorit\u00e9s dans le cadre de cette feuille de route. Elles ont en outre \u00e9voqu\u00e9 certaines questions r\u00e9gionales et internationales, a-t-il fait savoir, notant que le Maroc a toujours r\u00e9affirm\u00e9 l\u2019importance de l\u2019initiative du fleuve Mano pour stabiliser cette r\u00e9gion et contribuer \u00e0 son d\u00e9veloppement socio-\u00e9conomique, conform\u00e9ment \u00e0 la vision de Sa Majest\u00e9 le Roi Mohammed VI.<\/p>\n<p>Le Maroc coordonne aussi avec le Liberia sur les questions li\u00e9es \u00e0 l\u2019organisation sous-r\u00e9gionale de la Communaut\u00e9 \u00e9conomique des \u00c9tats de l\u2019Afrique de l\u2019Ouest (CEDEAO) pour contribuer \u00e0 la stabilit\u00e9 de cette r\u00e9gion et \u00e0 la promotion d\u2019un mod\u00e8le de coop\u00e9ration entre le Royaume et les pays de cette r\u00e9gion, a-t-il conclu<\/p>\n<p><strong>Un soutien multiforme<\/strong><\/p>\n<p>Le Liberia demeure engag\u00e9 \u00e0 continuer de soutenir la proposition d\u2019autonomie pr\u00e9sent\u00e9e par le Maroc pour ses provinces du sud ainsi que l\u2019int\u00e9grit\u00e9 territoriale du Royaume, a soulign\u00e9, jeudi \u00e0 Rabat, le ministre lib\u00e9rien des Affaires \u00e9trang\u00e8res, Dee-Maxwell Saah Kemayah Sr. \u00ab\u00a0Nous avons r\u00e9affirm\u00e9 notre engagement \u00e0 continuer de soutenir les droits l\u00e9gitimes du Maroc en ce qui concerne le Sahara marocain,\u00a0\u00bb a indiqu\u00e9 le ministre lib\u00e9rien.<\/p>\n<p>\u00ab\u00a0Nous sommes int\u00e9ress\u00e9s non seulement \u00e0 maintenir cette dynamique, mais aussi \u00e0 \u00e9largir la coop\u00e9ration mutuellement b\u00e9n\u00e9fique dans les domaines de l\u2019agriculture, des mines, de l\u2019\u00e9nergie, du tourisme, de l\u2019\u00e9ducation et de la formation professionnelle ainsi que dans tous les domaines d\u2019int\u00e9r\u00eat mutuel,\u00a0\u00bb a ajout\u00e9 le ministre. Les entretiens avec M. Bourita ont port\u00e9 sur les aspects des relations bilat\u00e9rales et ont permis d\u2019\u00e9changer sur des questions r\u00e9gionales et internationales, a-t-il dit.<\/p>\n<p>\u00ab\u00a0Nous avons aussi discut\u00e9 de la mise en \u0153uvre des accords conclus lors de la deuxi\u00e8me session de la Commission mixte de coop\u00e9ration tenue en 2019,\u00a0\u00bb a poursuivi le ministre, notant que les services concern\u00e9s travaillent \u00e0 la tenue de la troisi\u00e8me r\u00e9union de la Commission dans les mois \u00e0 venir. \u00ab\u00a0Nous avons confirm\u00e9 la n\u00e9cessit\u00e9 de promouvoir nos relations \u00e9conomiques et d\u2019\u00e9largir nos \u00e9changes commerciaux. A cette fin, nous avons convenu de stimuler les contacts entre les agences \u00e9conomiques et d\u2019encourager les communaut\u00e9s d\u2019affaires et les investisseurs des deux pays \u00e0 explorer pleinement les possibilit\u00e9s offertes par nos march\u00e9s en croissance,\u00a0\u00bb a-t-il expliqu\u00e9.<\/p>\n<p>\u00ab\u00a0Dans ce contexte, nous consid\u00e9rons l\u2019ouverture, en 2020, du Consulat g\u00e9n\u00e9ral du Liberia \u00e0 Dakhla comme une \u00e9tape importante vers le renforcement de nos relations \u00e9conomiques avec le Royaume,\u00a0\u00bb a indiqu\u00e9 le ministre. \u00ab\u00a0Cela permettra \u00e9galement au Liberia de saisir les opportunit\u00e9s futures offertes par la position unique du Maroc en tant que plaque tournante r\u00e9gionale entre l\u2019Afrique, l\u2019Europe et le Moyen-Orient,\u00a0\u00bb a-t-il ajout\u00e9.<\/p>\n<p>Le ministre lib\u00e9rien s\u2019est \u00e9galement f\u00e9licit\u00e9 de la disponibilit\u00e9 du Maroc \u00e0 soutenir \u2018Liberia Vision 2030\u2019, un plan qui vise \u00e0 promouvoir le d\u00e9veloppement socio-\u00e9conomique soutenu du Liberia. Une attention consid\u00e9rable a \u00e9t\u00e9 consacr\u00e9e au gazoduc Nigeria-Maroc, qui reliera le gaz nig\u00e9rian \u00e0 tous les pays c\u00f4tiers d\u2019Afrique de l\u2019Ouest, jusqu\u2019au rivage m\u00e9diterran\u00e9en, a affirm\u00e9 le ministre.<\/p>\n<p>\u00ab\u00a0Nous nous f\u00e9licitons de la d\u00e9cision du Royaume du Maroc de soumettre sa candidature en tant que membre non permanent du Conseil de s\u00e9curit\u00e9 pour la p\u00e9riode 2028-2029 et nous allons \u00e9videmment soutenir cette candidature,\u00a0\u00bb a-t-il indiqu\u00e9 \u00e0 cet \u00e9gard.<\/p>\n<p>L\u2019article <a rel=\"nofollow\" href=\"http:\/\/albayane.press.ma\/le-maroc-apprecie-la-position-claire-et-constante-du-liberia.html\">Le Maroc appr\u00e9cie la position \u00abclaire et constante\u00bb du Liberia<\/a> est apparu en premier sur <a rel=\"nofollow\" href=\"http:\/\/albayane.press.ma\/\">ALBAYANE<\/a>.<\/p>\n<\/div>\n<p>Auteur: M&rsquo;hammed rahal<br \/>\n<a href=\"http:\/\/albayane.press.ma\/le-maroc-apprecie-la-position-claire-et-constante-du-liberia.html\">Cliquez ici pour lire l&rsquo;article depuis sa source.<\/a><\/p>\n","protected":false},"excerpt":{"rendered":"<p>Sahara marocain Le Maroc appr\u00e9cie la position \u00ab\u00a0claire et constante\u00a0\u00bb du Liberia concernant la question du Sahara marocain, a affirm\u00e9, jeudi \u00e0 Rabat, le ministre des Affaires \u00e9trang\u00e8res, de la Coop\u00e9ration africaine et des Marocains r\u00e9sidant \u00e0 l\u2019\u00e9tranger, Nasser Bourita. Le Liberia, qui a retir\u00e9 sa reconnaissance de la pseudo rasd en 1999, a depuis [&hellip;]<\/p>\n","protected":false},"author":1760,"featured_media":0,"comment_status":"closed","ping_status":"closed","sticky":false,"template":"","format":"standard","meta":{"fifu_image_url":"","fifu_image_alt":"","footnotes":""},"categories":[73,54],"tags":[],"class_list":["post-119743","post","type-post","status-publish","format-standard","hentry","category-actualite","category-maroc"],"_links":{"self":[{"href":"https:\/\/linitiative.ca\/International\/wp-json\/wp\/v2\/posts\/119743","targetHints":{"allow":["GET"]}}],"collection":[{"href":"https:\/\/linitiative.ca\/International\/wp-json\/wp\/v2\/posts"}],"about":[{"href":"https:\/\/linitiative.ca\/International\/wp-json\/wp\/v2\/types\/post"}],"author":[{"embeddable":true,"href":"https:\/\/linitiative.ca\/International\/wp-json\/wp\/v2\/users\/1760"}],"replies":[{"embeddable":true,"href":"https:\/\/linitiative.ca\/International\/wp-json\/wp\/v2\/comments?post=119743"}],"version-history":[{"count":0,"href":"https:\/\/linitiative.ca\/International\/wp-json\/wp\/v2\/posts\/119743\/revisions"}],"wp:attachment":[{"href":"https:\/\/linitiative.ca\/International\/wp-json\/wp\/v2\/media?parent=119743"}],"wp:term":[{"taxonomy":"category","embeddable":true,"href":"https:\/\/linitiative.ca\/International\/wp-json\/wp\/v2\/categories?post=119743"},{"taxonomy":"post_tag","embeddable":true,"href":"https:\/\/linitiative.ca\/International\/wp-json\/wp\/v2\/tags?post=119743"}],"curies":[{"name":"wp","href":"https:\/\/api.w.org\/{rel}","templated":true}]}}