{"id":119745,"date":"2021-06-28T10:15:00","date_gmt":"2021-06-28T14:15:00","guid":{"rendered":"https:\/\/linitiative.ca\/International\/le-mdn-confirme-la-decouverte-de-490-kg-de-cocaine-au-large-doran\/"},"modified":"2021-06-28T10:15:00","modified_gmt":"2021-06-28T14:15:00","slug":"le-mdn-confirme-la-decouverte-de-490-kg-de-cocaine-au-large-doran","status":"publish","type":"post","link":"https:\/\/linitiative.ca\/International\/le-mdn-confirme-la-decouverte-de-490-kg-de-cocaine-au-large-doran\/","title":{"rendered":"Le MDN confirme la d\u00e9couverte de 490 kg de coca\u00efne au large d\u2019Oran"},"content":{"rendered":"<div>Le minist\u00e8re de la d\u00e9fense nationale  a communiqu\u00e9, ce lundi, sur l\u2019affaire des 490 KG de coca\u00efne, intercept\u00e9s dans la soir\u00e9e du samedi 22 juin au large d\u2019Oran, \u00e0 l\u2019ouest du pays&#8230;<\/div>\n<p>Auteur:<br \/>\n<a href=\"https:\/\/www.liberte-algerie.com\/actualite\/le-mdn-confirme-la-decouverte-de-490-kg-de-cocaine-au-large-doran-361083\">Cliquez ici pour lire l&rsquo;article depuis sa source.<\/a><\/p>\n","protected":false},"excerpt":{"rendered":"<p>Le minist\u00e8re de la d\u00e9fense nationale a communiqu\u00e9, ce lundi, sur l\u2019affaire des 490 KG de coca\u00efne, intercept\u00e9s dans la soir\u00e9e du samedi 22 juin au large d\u2019Oran, \u00e0 l\u2019ouest du pays&#8230; Auteur: Cliquez ici pour lire l&rsquo;article depuis sa source.<\/p>\n","protected":false},"author":1742,"featured_media":0,"comment_status":"closed","ping_status":"closed","sticky":false,"template":"","format":"standard","meta":{"fifu_image_url":"","fifu_image_alt":"","footnotes":""},"categories":[73,53],"tags":[],"class_list":["post-119745","post","type-post","status-publish","format-standard","hentry","category-actualite","category-algerie"],"_links":{"self":[{"href":"https:\/\/linitiative.ca\/International\/wp-json\/wp\/v2\/posts\/119745","targetHints":{"allow":["GET"]}}],"collection":[{"href":"https:\/\/linitiative.ca\/International\/wp-json\/wp\/v2\/posts"}],"about":[{"href":"https:\/\/linitiative.ca\/International\/wp-json\/wp\/v2\/types\/post"}],"author":[{"embeddable":true,"href":"https:\/\/linitiative.ca\/International\/wp-json\/wp\/v2\/users\/1742"}],"replies":[{"embeddable":true,"href":"https:\/\/linitiative.ca\/International\/wp-json\/wp\/v2\/comments?post=119745"}],"version-history":[{"count":0,"href":"https:\/\/linitiative.ca\/International\/wp-json\/wp\/v2\/posts\/119745\/revisions"}],"wp:attachment":[{"href":"https:\/\/linitiative.ca\/International\/wp-json\/wp\/v2\/media?parent=119745"}],"wp:term":[{"taxonomy":"category","embeddable":true,"href":"https:\/\/linitiative.ca\/International\/wp-json\/wp\/v2\/categories?post=119745"},{"taxonomy":"post_tag","embeddable":true,"href":"https:\/\/linitiative.ca\/International\/wp-json\/wp\/v2\/tags?post=119745"}],"curies":[{"name":"wp","href":"https:\/\/api.w.org\/{rel}","templated":true}]}}