{"id":119748,"date":"2021-06-28T11:00:00","date_gmt":"2021-06-28T15:00:00","guid":{"rendered":"https:\/\/linitiative.ca\/International\/22-wilayas-fortement-touchees-par-le-stress-hydrique\/"},"modified":"2021-06-28T11:00:00","modified_gmt":"2021-06-28T15:00:00","slug":"22-wilayas-fortement-touchees-par-le-stress-hydrique","status":"publish","type":"post","link":"https:\/\/linitiative.ca\/International\/22-wilayas-fortement-touchees-par-le-stress-hydrique\/","title":{"rendered":"22 wilayas \u00abfortement \u00bb touch\u00e9es par le stress hydrique"},"content":{"rendered":"<div>Le secr\u00e9taire g\u00e9n\u00e9ral du minist\u00e8re des ressources en eau, Sma\u00efl Amirouche, a indiqu\u00e9, ce lundi, sur les ondes de la radio  Cha\u00eene 3, que 22 wilayas sont \u00ab fortement touch\u00e9es \u00bb par le stress hydriques.<\/div>\n<p>Auteur:<br \/>\n<a href=\"https:\/\/www.liberte-algerie.com\/actualite\/22-wilayas-fortement-touchees-par-le-stress-hydrique-361085\">Cliquez ici pour lire l&rsquo;article depuis sa source.<\/a><\/p>\n","protected":false},"excerpt":{"rendered":"<p>Le secr\u00e9taire g\u00e9n\u00e9ral du minist\u00e8re des ressources en eau, Sma\u00efl Amirouche, a indiqu\u00e9, ce lundi, sur les ondes de la radio Cha\u00eene 3, que 22 wilayas sont \u00ab fortement touch\u00e9es \u00bb par le stress hydriques. Auteur: Cliquez ici pour lire l&rsquo;article depuis sa source.<\/p>\n","protected":false},"author":1742,"featured_media":0,"comment_status":"closed","ping_status":"closed","sticky":false,"template":"","format":"standard","meta":{"fifu_image_url":"","fifu_image_alt":"","footnotes":""},"categories":[73,53],"tags":[],"class_list":["post-119748","post","type-post","status-publish","format-standard","hentry","category-actualite","category-algerie"],"_links":{"self":[{"href":"https:\/\/linitiative.ca\/International\/wp-json\/wp\/v2\/posts\/119748","targetHints":{"allow":["GET"]}}],"collection":[{"href":"https:\/\/linitiative.ca\/International\/wp-json\/wp\/v2\/posts"}],"about":[{"href":"https:\/\/linitiative.ca\/International\/wp-json\/wp\/v2\/types\/post"}],"author":[{"embeddable":true,"href":"https:\/\/linitiative.ca\/International\/wp-json\/wp\/v2\/users\/1742"}],"replies":[{"embeddable":true,"href":"https:\/\/linitiative.ca\/International\/wp-json\/wp\/v2\/comments?post=119748"}],"version-history":[{"count":0,"href":"https:\/\/linitiative.ca\/International\/wp-json\/wp\/v2\/posts\/119748\/revisions"}],"wp:attachment":[{"href":"https:\/\/linitiative.ca\/International\/wp-json\/wp\/v2\/media?parent=119748"}],"wp:term":[{"taxonomy":"category","embeddable":true,"href":"https:\/\/linitiative.ca\/International\/wp-json\/wp\/v2\/categories?post=119748"},{"taxonomy":"post_tag","embeddable":true,"href":"https:\/\/linitiative.ca\/International\/wp-json\/wp\/v2\/tags?post=119748"}],"curies":[{"name":"wp","href":"https:\/\/api.w.org\/{rel}","templated":true}]}}