{"id":119755,"date":"2021-06-28T12:16:33","date_gmt":"2021-06-28T16:16:33","guid":{"rendered":"https:\/\/linitiative.ca\/International\/219-nouveaux-cas-plus-de-89-millions-completement-vaccines\/"},"modified":"2021-06-28T12:16:33","modified_gmt":"2021-06-28T16:16:33","slug":"219-nouveaux-cas-plus-de-89-millions-completement-vaccines","status":"publish","type":"post","link":"https:\/\/linitiative.ca\/International\/219-nouveaux-cas-plus-de-89-millions-completement-vaccines\/","title":{"rendered":"219 nouveaux cas, plus de 8,9 millions compl\u00e8tement vaccin\u00e9s"},"content":{"rendered":"<div>\n<div style=\"margin-bottom:20px;\"><img loading=\"lazy\" decoding=\"async\" width=\"750\" height=\"430\" src=\"https:\/\/linitiative.ca\/International\/wp-content\/uploads\/sites\/23\/2021\/06\/Bilan-fr-6.jpg\" class=\"attachment-post-thumbnail size-post-thumbnail wp-post-image\" alt=\"\" srcset=\"https:\/\/linitiative.ca\/International\/wp-content\/uploads\/sites\/23\/2021\/06\/Bilan-fr-6.jpg 750w, http:\/\/www.mapmarrakech.ma\/map\/uploads\/2021\/06\/Bilan-fr-6-300x172.jpg 300w\" sizes=\"auto, (max-width: 750px) 100vw, 750px\"><\/div>\n<p>Le nombre de personnes ayant re\u00e7u la premi\u00e8re dose du vaccin est de 9.908.882, tandis que celui des personnes compl\u00e8tement vaccin\u00e9es (1\u00e8re et 2\u00e8me doses) s\u2019\u00e9l\u00e8ve \u00e0 8.954.030, a pr\u00e9cis\u00e9 le minist\u00e8re dans son bulletin quotidien sur la situation de la Covid-19.<\/p>\n<p>Les nouveaux cas d\u2019infection portent \u00e0 529.895 le nombre total des contaminations depuis le premier cas signal\u00e9 en mars 2020, alors que celui des personnes r\u00e9tablies est pass\u00e9 \u00e0 516.529, soit un taux de gu\u00e9rison de 97,5 %.<\/p>\n<p>Les contaminations ont \u00e9t\u00e9 recens\u00e9es dans les r\u00e9gions de Casablanca-Settat (74), Rabat-Sal\u00e9-K\u00e9nitra (42), Marrakech-Safi (23), Souss-Massa (22), Dakhla-Oued Eddahab (16), F\u00e8s-Mekn\u00e8s (14), Tanger-T\u00e9touan-Al Hoceima (10), Dar\u00e2a-Tafilalet (7), l\u2019Oriental (7), La\u00e2youne-Sakia El Hamra (2) et B\u00e9ni Mellal- Kh\u00e9nifra (2).<\/p>\n<p>Quant au nombre total des d\u00e9c\u00e8s, il est pass\u00e9 \u00e0 9.279 avec 6 nouveaux cas enregistr\u00e9s dans les r\u00e9gions de Rabat-Sal\u00e9-K\u00e9nitra (2), F\u00e8s-Mekn\u00e8s (1), Tanger-T\u00e9touan-Al Hoceima (2) et Dar\u00e2a-Tafilalet (1).<\/p>\n<p>Les cas actifs sont au nombre de 4.083. Les cas s\u00e9v\u00e8res ou critiques ont atteint 217, dont 8 plac\u00e9s sous intubation et 123 sous ventilation non invasive.<\/p>\n<p>The post <a rel=\"nofollow\" href=\"http:\/\/www.mapmarrakech.ma\/fr\/219-nouveaux-cas-plus-de-89-millions-completement-vaccines\/\">219 nouveaux cas, plus de 8,9 millions compl\u00e8tement vaccin\u00e9s<\/a> appeared first on <a rel=\"nofollow\" href=\"http:\/\/www.mapmarrakech.ma\/fr\">MapMarrakech<\/a>.<\/p>\n<\/div>\n<p>Auteur: Meriem IGASS<br \/>\n<a href=\"http:\/\/www.mapmarrakech.ma\/fr\/219-nouveaux-cas-plus-de-89-millions-completement-vaccines\/\">Cliquez ici pour lire l&rsquo;article depuis sa source.<\/a><\/p>\n","protected":false},"excerpt":{"rendered":"<p>Le nombre de personnes ayant re\u00e7u la premi\u00e8re dose du vaccin est de 9.908.882, tandis que celui des personnes compl\u00e8tement vaccin\u00e9es (1\u00e8re et 2\u00e8me doses) s\u2019\u00e9l\u00e8ve \u00e0 8.954.030, a pr\u00e9cis\u00e9 le minist\u00e8re dans son bulletin quotidien sur la situation de la Covid-19. Les nouveaux cas d\u2019infection portent \u00e0 529.895 le nombre total des contaminations depuis [&hellip;]<\/p>\n","protected":false},"author":1788,"featured_media":0,"comment_status":"closed","ping_status":"closed","sticky":false,"template":"","format":"standard","meta":{"fifu_image_url":"http:\/\/www.mapmarrakech.ma\/map\/uploads\/2021\/06\/Bilan-fr-6.jpg","fifu_image_alt":"219 nouveaux cas, plus de 8,9 millions compl\u00e8tement vaccin\u00e9s","footnotes":""},"categories":[54,76],"tags":[],"class_list":["post-119755","post","type-post","status-publish","format-standard","hentry","category-maroc","category-regions"],"_links":{"self":[{"href":"https:\/\/linitiative.ca\/International\/wp-json\/wp\/v2\/posts\/119755","targetHints":{"allow":["GET"]}}],"collection":[{"href":"https:\/\/linitiative.ca\/International\/wp-json\/wp\/v2\/posts"}],"about":[{"href":"https:\/\/linitiative.ca\/International\/wp-json\/wp\/v2\/types\/post"}],"author":[{"embeddable":true,"href":"https:\/\/linitiative.ca\/International\/wp-json\/wp\/v2\/users\/1788"}],"replies":[{"embeddable":true,"href":"https:\/\/linitiative.ca\/International\/wp-json\/wp\/v2\/comments?post=119755"}],"version-history":[{"count":0,"href":"https:\/\/linitiative.ca\/International\/wp-json\/wp\/v2\/posts\/119755\/revisions"}],"wp:attachment":[{"href":"https:\/\/linitiative.ca\/International\/wp-json\/wp\/v2\/media?parent=119755"}],"wp:term":[{"taxonomy":"category","embeddable":true,"href":"https:\/\/linitiative.ca\/International\/wp-json\/wp\/v2\/categories?post=119755"},{"taxonomy":"post_tag","embeddable":true,"href":"https:\/\/linitiative.ca\/International\/wp-json\/wp\/v2\/tags?post=119755"}],"curies":[{"name":"wp","href":"https:\/\/api.w.org\/{rel}","templated":true}]}}